{"id":149,"date":"2011-04-10T21:54:00","date_gmt":"2011-04-10T20:54:00","guid":{"rendered":"http:\/\/www.scottacime.cz.forrest.miniserver.cz\/?p=149"},"modified":"2017-05-25T00:53:32","modified_gmt":"2017-05-24T23:53:32","slug":"bakov-fuck-off","status":"publish","type":"post","link":"https:\/\/www.scottacime.cz\/?p=149","title":{"rendered":"Bakov &#8211; fuck off ?"},"content":{"rendered":"<p>Tohle byla jedin\u00e1 odpov\u011b\u010f Peti po pra\u017esk\u00e9m PIMu na n\u00e1\u0161 n\u00e1vh, \u017ee si po t\u00fddnu d\u00e1me dal\u0161\u00ed p\u016flmaraton. Tak dob\u0159e, ty odpo\u010d\u00edvej a my budeme kout \u017eelezo, dokud je \u017ehav\u00e9. Tak\u017ee jen j\u00e1 a Zdenda. Oba pon\u011bkud unaveni. J\u00e1 z dlouh\u00fdch tr\u00e9nink\u016f v pr\u016fb\u011bhu t\u00fddne (maraton a Sahara se neptaj\u00ed) a Zdenda z dlouh\u00e9ho cestov\u00e1n\u00ed. Taky po\u010das\u00ed zrovna nel\u00e1k\u00e1 k velk\u00fdm v\u00fdkon\u016fm. Na m\u016fj vkus se ochladilo p\u0159esp\u0159\u00edli\u0161 a ten v\u00edtr, co duje u\u017e n\u011bkolik dn\u016f, by u\u017e mohli vypnout. Tak\u017ee vyr\u00e1\u017e\u00edme na start v nedalek\u00e9m Bakov\u011b z jak\u00e9si setrva\u010dnosti, proto\u017ee jsme se tak domluvili.<br \/>\nN\u00e1\u0161 \u017eivot za\u010d\u00edn\u00e1 dost\u00e1vat pevn\u00fd \u0159\u00e1d. Ka\u017ed\u00fd den si vol\u00e1me, zda jdeme b\u011bhat. Ve voln\u00fdch chv\u00edl\u00edch mysl\u00edme na b\u011bh, v\u017edy v p\u00e1tek p\u0159ed z\u00e1vodem jdeme do restaurace na pivo a n\u011bjak\u00e9 ty karbohydr\u00e1ty a bav\u00edme se o b\u011bhu. V ned\u011bli pak jdeme na kolo, po kole v televizi v na\u0161\u00ed obl\u00edben\u00e9 hosp\u016fdce (nekou\u0159\u00ed se a to\u010d\u00ed PU12) sledujeme kola a bav\u00edme se o b\u011bhu. J\u00e1 pak ve\u010der sleduju v diskus\u00edch, jak kdo b\u011bhal nebo p\u00ed\u0161u blog. O b\u011bhu. Prost\u011b partnersk\u00fd sen ka\u017ed\u00e9 \u017eeny.<br \/>\nPremi\u00e9ru u\u017e m\u00e1me za sebou . Praha byla TEN c\u00edl, kter\u00fd jsme si p\u016fvodn\u011b dali. Proto p\u0159\u00edprava na Bakov je jaksi ledabyl\u00e1. Bal\u00edm si r\u00e1no, do batohu prost\u011b jen nah\u00e1z\u00edm v\u0161echny v\u011bci na b\u011bh\u00e1n\u00ed a rozhodnu se na m\u00edst\u011b. Start je v deset, do Bakova je to dvacet minut, po ob\u011bd\u011b jsme doma. Beru to jako norm\u00e1ln\u00ed tr\u00e9ninkov\u00fd den. Dojdu ke Zdendovi, jako v\u017edy tak deset minut p\u0159ed pl\u00e1novan\u00fdm odjezdem, abych mu mohl dal\u0161\u00edch dvacet minut p\u0159ipom\u00ednat, \u017ee u\u017e bychom m\u011bli vyrazit. Vyr\u00e1\u017e\u00edme a stavujeme se pro Pe\u0165u. Jede s kolem, aby n\u00e1m mohl poskytovat po trase duchovn\u00ed \u00fat\u011bchu a \u0159\u00edkat, jak jsme dobr\u00fd. Trochu n\u00e1s zdr\u017eel fakt, \u017ee Zdenda vzal ze sv\u00fdch t\u0159\u00ed aut to nejmen\u0161\u00ed a kolo se asi 5 minut tv\u00e1\u0159ilo, \u017ee se dovnit\u0159 nevejde. Nakonec se zada\u0159ilo a m\u00edrnou ztr\u00e1tu jsme dohnali rekordn\u00ed j\u00edzdou po d\u00e1lnici.<br \/>\nDo Bakova jsme se v\u0159\u00edtili v m\u00edrn\u011b optimistick\u00e9m \u010dase. \u0160el jsem zajistit startovn\u00ed \u010d\u00edsla, kluci parkov\u00e1n\u00ed. I kdy\u017e je to z\u00e1vod sp\u00ed\u0161e pro pravideln\u00e9 z\u00e1vodn\u00edky a n\u00e1s hob\u00edk\u016f tu bylo pom\u00e1lu, p\u00e1r zn\u00e1m\u00fdch tv\u00e1\u0159\u00ed jsme potkali, n\u011bkter\u00e9 i z behej.com. Tak\u017ee rychl\u00e1 p\u0159evl\u00edka\u010dka na n\u00e1m\u011bst\u00ed. Po\u010das\u00ed za\u010d\u00edn\u00e1 p\u0159\u00e1t, lehce se otepluje, ale v\u00edtr ned\u00e1v\u00e1 pokoj. Jdeme na start a je\u0161t\u011b se zdrav\u00edme s dal\u0161\u00edmi te\u010f u\u017e kolegy. Je zvl\u00e1\u0161tn\u00ed, \u017ee po jednom z\u00e1vod\u011b u\u017e je ze m\u011b ost\u0159\u00edlen\u00fd b\u011bha\u010d se stavovsk\u00fdm c\u00edt\u011bn\u00edm. \ud83d\ude42<br \/>\nZat\u00edmco si pov\u00edd\u00e1me, n\u011bkdo vyst\u0159el\u00ed. Aha, start. Jde to rychlejc ne\u017e jsem \u010dekal. Honem zap\u00edn\u00e1m Garmina, pr\u016fb\u011bh branou je tak\u0159ka okam\u017eit\u00fd. P\u00e1d\u00edme na chvostu pelotonu, kam jsme se dobrovoln\u011b na startu za\u0159adili. A jako tradi\u010dn\u011b &#8211; je to rychl\u00fd. Hl\u00e1s\u00edm Zdendovi tempo a oba zpomalujeme na 4:40. N\u00e1s nedostanete, u\u017e jsme zku\u0161en\u00fd pard\u00e1lov\u00e9 a v\u00edme, \u017ee nen\u00ed dobr\u00e9 podlehnout sv\u00fdm pocit\u016fm v euforii prvn\u00edho kilometru. Po 2 km se tra\u0165 za\u010d\u00edn\u00e1 zvedat, nicm\u00e9n\u011b si dr\u017e\u00edme slu\u0161n\u00e9 tempo, dotahujeme si i skupinu p\u0159ed n\u00e1mi a schov\u00e1v\u00e1me se p\u0159ed v\u011btrem v bal\u00edku. Kopec ale nep\u0159est\u00e1v\u00e1 a tak se z bal\u00edku nakonec d\u011bl\u00e1 t\u0159\u00ed\u010dlenn\u00e1 skupina a st\u0159\u00edd\u00e1me se v \u010dele. Zdenda mi zmiz\u00ed z doslechu a tak si ob\u010das vym\u011bn\u00edm n\u011bjak\u00e9 pozn\u00e1mky s m\u00fdmi nov\u00fdmi kolegy. Jsem z nich nejmlad\u0161\u00ed, ale na tempou to nen\u00ed zn\u00e1t. Op\u011bt za\u010d\u00edn\u00e1me navl\u00edkat zahlcen\u00e9 rychliky p\u0159ed n\u00e1mi. Krom\u011b rozv\u00e1zan\u00e9 tkani\u010dky se mi b\u011b\u017e\u00ed skv\u011ble, v kr\u00e1sn\u00e9m prost\u0159ed\u00ed. M\u016fj spolub\u011b\u017eec, kter\u00e9mu m\u016f\u017ee b\u00fdt tak p\u0159es \u0161edes\u00e1t a patrn\u011b toho za \u017eivot nab\u011bhal v\u00edc ne\u017e j\u00e1 najezdil na kole, m\u00e1 \u00fa\u017easn\u00fd tempo z kopce. M\u00e1m co d\u011blat, abych mu uvisel a ud\u00e1v\u00e1 skv\u011bl\u00e9 tempo. Do kopce zase tah\u00e1m j\u00e1. Pozd\u011bji ho v\u0161ak zrad\u00ed noha a tak pokra\u010dujeme ve dvou. Na des\u00e1tem kilometru n\u00e1m hl\u00e1s\u00ed \u010das 47. &#8222;Jde\u0161 pod 1:40?&#8220;, pt\u00e1m se kolegy. &#8222;Ur\u010dit\u011b ne&#8220;, sly\u0161\u00edm odpov\u011bd a \u0159\u00edk\u00e1m si, \u017ee moje \u00favahy jsou asi moc sm\u011bl\u00e9 a pomalu se lou\u010d\u00edm s mou vysn\u011bnou hranic\u00ed. Na 12. km za\u010d\u00edn\u00e1 trh\u00e1\u010dek. C\u00edt\u00edm se po\u0159\u00e1d p\u0159i s\u00edle a v hlav\u011b mi b\u011b\u017e\u00ed v\u0161echny ty prudk\u00e9 v\u00fdb\u011bhy roklemi, co jsme od ledna po \u010cesk\u00e9m r\u00e1ji absolvovali. Dob\u00edh\u00e1m dal\u0161\u00edch n\u011bkolik z\u00e1vodn\u00edk\u016f.<br \/>\nJe zaj\u00edmav\u00fd, jak se nikdo nechce d\u00e1t lacino. Sly\u0161\u00ed, \u017ee ho dob\u00edh\u00e1te, tak zrychl\u00ed. Chvilku odol\u00e1v\u00e1, zji\u0161tuj\u011b, \u017ee to nep\u016fjde a zpomaluje. Jen jeden kolega ud\u011blal v\u00fdjimku. Taky odol\u00e1val a pak se pustil. Po chv\u00edli sly\u0161\u00edm za sebou stra\u0161n\u00e9 fun\u011bn\u00ed. Je to on. Lapaj\u00edc po dechu mi p\u0159ib\u011bhl \u0159\u00edct, \u017ee jde dneska na pohodu, proto\u017ee z\u00edtra b\u011b\u017e\u00ed v Pod\u011bbradech des\u00edtku. N\u011bco mu odpov\u00edd\u00e1m, na\u010de\u017e op\u011bt miz\u00ed vzadu. P\u0159edal message, mise spln\u011bna.<br \/>\nTrasa st\u00e1le stoup\u00e1, f\u00edtr fouk\u00e1, koch\u00e1m se p\u011bknou krajinou. M\u011bli pravdu, tenhle z\u00e1vod je moc hezk\u00fd. Doj\u00ed\u017ed\u00ed m\u011b Pe\u0165a a prohod\u00edme p\u00e1r v\u011bt. J\u00e1 kr\u00e1tk\u00fdch, on del\u0161\u00edch. V jedn\u00e9 smy\u010dce potk\u00e1v\u00e1m v protism\u011bru v\u0161echny zn\u00e1m\u00e9, povzbuzujeme se a okukujeme, jak jsme kdo na tom.<br \/>\nPak u\u017e zb\u00fdv\u00e1 pouze del\u0161\u00ed seb\u011bh k Jize\u0159e a z\u00e1v\u011bre\u010dn\u00fdch 1,5 km. Kul\u00edm se dolu jak o z\u00e1vod, jak jinak. Posledn\u00ed s\u00edly d\u00e1v\u00e1m do rovinky a v\u00fdb\u011bhu na n\u00e1m\u011bst\u00ed. Z kopce jsem p\u0159edb\u011bhl dal\u0161\u00ed 3 borce, jeden p\u0159ede mnou st\u00e1le odol\u00e1v\u00e1. U\u017e to vypad\u00e1, \u017ee ho m\u00e1m, pak zase ztrat\u00edm. Nakonec prob\u00edh\u00e1me p\u00e1skou spole\u010dn\u011b a ob\u011bma se n\u00e1m ulevuje. Kontroluju stopky &#8211; 1:38:15. U\u00e1\u00e1\u00e1\u00e1\u00e1\u00e1\u00e1\u00e1\u00e1\u00e1\u00e1. Je to tam. Ne\u010dekan\u011b, o to radostn\u011bji. Zdenda p\u0159ib\u00edh\u00e1 v \u010dase 1:48:xx a zlep\u0161uje se asi o deset minut. Prost\u011b par\u00e1da.<br \/>\nD\u00e1v\u00e1me si povinn\u00e9 pivko a n\u011bco na hlad a spokojeni vyr\u00e1\u017e\u00edme dom\u016f. Z\u00edtra n\u00e1s op\u011bt \u010dek\u00e1 kolo a mo\u017en\u00e1 pokec\u00e1me o b\u011bh\u00e1n\u00ed. Sahara se nept\u00e1.<br \/>\nMimochodem, p\u0159\u00ed\u0161t\u00ed sobotu se b\u011b\u017e\u00ed Pardubick\u00fd p\u016flmaraton :).<\/p>\n<p><img loading=\"lazy\" class=\"alignnone wp-image-152 size-large\" src=\"http:\/\/www.scottacime.cz.forrest.miniserver.cz\/wp-content\/uploads\/2011\/04\/2011-4-Bakov-1024x683.jpg\" alt=\"Bakovsk\u00fd p\u016flmaraton\" width=\"1024\" height=\"683\" srcset=\"https:\/\/www.scottacime.cz\/wp-content\/uploads\/2011\/04\/2011-4-Bakov-1024x683.jpg 1024w, https:\/\/www.scottacime.cz\/wp-content\/uploads\/2011\/04\/2011-4-Bakov-300x200.jpg 300w, https:\/\/www.scottacime.cz\/wp-content\/uploads\/2011\/04\/2011-4-Bakov-768x512.jpg 768w, https:\/\/www.scottacime.cz\/wp-content\/uploads\/2011\/04\/2011-4-Bakov.jpg 1200w\" sizes=\"(max-width: 1024px) 100vw, 1024px\" \/><\/p>\n","protected":false},"excerpt":{"rendered":"<p>Tohle byla jedin\u00e1 odpov\u011b\u010f Peti po pra\u017esk\u00e9m PIMu na n\u00e1\u0161 n\u00e1vh, \u017ee si po t\u00fddnu d\u00e1me dal\u0161\u00ed p\u016flmaraton. Tak dob\u0159e, ty odpo\u010d\u00edvej a my budeme kout \u017eelezo, dokud je \u017ehav\u00e9. Tak\u017ee jen j\u00e1 a Zdenda. Oba pon\u011bkud unaveni. J\u00e1 z dlouh\u00fdch tr\u00e9nink\u016f v pr\u016fb\u011bhu t\u00fddne (maraton a Sahara se neptaj\u00ed) [&hellip;]<\/p>\n","protected":false},"author":1,"featured_media":0,"comment_status":"closed","ping_status":"closed","sticky":false,"template":"","format":"standard","meta":[],"categories":[4],"tags":[],"_links":{"self":[{"href":"https:\/\/www.scottacime.cz\/index.php?rest_route=\/wp\/v2\/posts\/149"}],"collection":[{"href":"https:\/\/www.scottacime.cz\/index.php?rest_route=\/wp\/v2\/posts"}],"about":[{"href":"https:\/\/www.scottacime.cz\/index.php?rest_route=\/wp\/v2\/types\/post"}],"author":[{"embeddable":true,"href":"https:\/\/www.scottacime.cz\/index.php?rest_route=\/wp\/v2\/users\/1"}],"replies":[{"embeddable":true,"href":"https:\/\/www.scottacime.cz\/index.php?rest_route=%2Fwp%2Fv2%2Fcomments&post=149"}],"version-history":[{"count":5,"href":"https:\/\/www.scottacime.cz\/index.php?rest_route=\/wp\/v2\/posts\/149\/revisions"}],"predecessor-version":[{"id":155,"href":"https:\/\/www.scottacime.cz\/index.php?rest_route=\/wp\/v2\/posts\/149\/revisions\/155"}],"wp:attachment":[{"href":"https:\/\/www.scottacime.cz\/index.php?rest_route=%2Fwp%2Fv2%2Fmedia&parent=149"}],"wp:term":[{"taxonomy":"category","embeddable":true,"href":"https:\/\/www.scottacime.cz\/index.php?rest_route=%2Fwp%2Fv2%2Fcategories&post=149"},{"taxonomy":"post_tag","embeddable":true,"href":"https:\/\/www.scottacime.cz\/index.php?rest_route=%2Fwp%2Fv2%2Ftags&post=149"}],"curies":[{"name":"wp","href":"https:\/\/api.w.org\/{rel}","templated":true}]}}