{"id":156,"date":"2011-05-03T22:16:10","date_gmt":"2011-05-03T21:16:10","guid":{"rendered":"http:\/\/www.scottacime.cz.forrest.miniserver.cz\/?p=156"},"modified":"2017-03-02T01:25:58","modified_gmt":"2017-03-02T00:25:58","slug":"lago-di-garda-2011","status":"publish","type":"post","link":"https:\/\/www.scottacime.cz\/?p=156","title":{"rendered":"Lago di Garda 2011"},"content":{"rendered":"<p>Ka\u017ed\u00fd m\u00e1me svoje body na map\u011b, kam se r\u00e1di vrac\u00edme a t\u0159eba i sn\u00edme o tom, \u017ee je to p\u011bkn\u00e9 m\u00edsto na \u017eit\u00ed. Takov\u00fdm m\u00edstem je pro m\u011b u\u017e deset let Riva del Garda. M\u011bste\u010dko na severn\u00edm konci Lago di Garda., kde na V\u00e1s d\u00fdchne pohoda, klid a neusp\u011bchan\u00fd \u017eivot a z\u00e1rove\u0148 V\u00e1s na ka\u017ed\u00e9m kroku sv\u00e1d\u00ed u\u017e\u00edvat si sportovn\u00ed \u017eivot v jeho okol\u00ed. Horsk\u00e1 kola, silni\u010dn\u00ed kola, surf, yachting, ferraty, brusle, b\u011bh a kdov\u00edco je\u0161t\u011b. A taky samoz\u0159ejm\u011b v\u00fdborn\u00e1 kuchyn\u011b.<\/p>\n<p>Vyr\u00e1\u017e\u00edme tedy jako ka\u017ed\u00fd rok alespo\u0148 usrknout z t\u00e9 atmosf\u00e9ry a na\u010derpat z\u00e1\u017eitky na dlouh\u00e9 zimn\u00ed ve\u010dery. Bike Festival 2011 je op\u011bt tady.<\/p>\n<p>Po p\u0159edchoz\u00edch letech r\u016fzn\u00fdch experiment\u016f se sestavou jsme tento rok pojali v duchu &#8222;N\u00e1vrat ke ko\u0159en\u016fm&#8220;. Prost\u011b jsme vypozorovali, \u017ee \u017eensk\u00fd element funguje v tomto p\u0159\u00edpad\u011b jako naru\u0161itel. Jedeme v jedn\u00e9 ze z\u00e1kladn\u00edch sestav a bez bab. Zdenda i bez kola. Jeho silni\u010dn\u00ed v\u00fdbrus nohy a vyvr\u00e1cen\u00fd palec z p\u00e1du p\u0159edminul\u00fd t\u00fdden ho stav\u00ed do role b\u011b\u017ece a hl\u00edda\u010de Metaxy.<\/p>\n<p>Vyr\u00e1\u017e\u00edme v siln\u00e9 sestav\u011b v \u00fater\u00fd na noc. Pe\u0165a, Zdenda, Milan, j\u00e1 a 50l Pilsner Urquell. Mus\u00edm toti\u017e oslavit postup do kategorie 40+. Zdenda jako v\u017edy m\u00e1 z\u00e1kaz \u0159\u00edzen\u00ed (od jednoho nemil\u00e9ho incidentu p\u0159ed x lety, kdy se v\u0161ichni probudili n\u00e1razem do svodidel, bohu\u017eel v\u010detn\u011b Zdendy, kter\u00fd \u0159\u00eddil) a tak se st\u0159\u00edd\u00e1me ve zbyl\u00e9 sestav\u011b. S drobn\u00fdmi logistick\u00fdmi zast\u00e1vkami p\u0159ij\u00ed\u017ed\u00edme lehce po osm\u00e9 r\u00e1no do Rivy, kde n\u00e1s u\u017e o\u010dek\u00e1v\u00e1 K\u0159i\u017e\u00e1k a Libor s rann\u00ed k\u00e1vi\u010dkou a buchtou od maminky. Dal\u0161\u00edmi auty do druh\u00e9ho apartmentu p\u0159iji\u017ed\u011bj\u00ed Bakaj\u010f\u00e1ci (DJ, Radek a Michal) v\u010detn\u011b jedn\u00e9 \u017eeny (Lucka &#8211; dostala divokou kartu).<\/p>\n<p>Po\u010das\u00ed nen\u00ed nic moc, ale lep\u0161\u00ed ne\u017e hl\u00e1sila p\u0159edpov\u011b\u010f. Alespo\u0148 nepr\u0161\u00ed, i kdy\u017e o teplech a v\u00e1len\u00ed u baz\u00e9nu jako v p\u0159edchoz\u00edch letech si m\u016f\u017eeme nechat jen zd\u00e1t. Posn\u00edd\u00e1me, srovn\u00e1me na\u0161e rozl\u00e1man\u00e1 t\u011bla a vyr\u00e1\u017e\u00edme sm\u011br Tremalzo. Tak\u0159ka na\u0161e povinn\u00e1 trasa tady na Gard\u011b. N\u011bco p\u0159es 70 km, z toho prvn\u00edch 40 do kopce. V\u00fdjezd z 90 m.n.m. do 1800 a n\u00e1dhern\u00fd ter\u00e9nn\u00ed sjezd zp\u011bt k jezeru. Letos \u00fadajn\u011b pr\u016fjezdn\u00fd d\u00edky m\u00e1l\u00e9mu mno\u017estv\u00ed sn\u011bhu. Zdenda vyr\u00e1\u017e\u00ed nap\u0159ed b\u011bhmo, aby s n\u00e1mi sd\u00edlel pocity a alespo\u0148 \u010d\u00e1st trasy. Potk\u00e1v\u00e1me se na Lago di Ledro, celkem mu to dnes d\u00e1 p\u0159es 20 km. My pokra\u010dujeme d\u00e1l nekone\u010dn\u00fdmi serpentinami na vrchol, kde prob\u011bhne tradi\u010dn\u00ed ob\u010derstven\u00ed v horsk\u00e9 chat\u011b &#8211; spaghetti a pivo. Jen Milan dor\u00e1\u017e\u00ed o chv\u00edli pozd\u011bji. Jeho najet\u00fdch 100 km do t\u00e9to chv\u00edle nen\u00ed zrovna vhodn\u00fd tr\u00e9nink do m\u00edstn\u00edch kopc\u016f, ale state\u010dn\u011b se dr\u017e\u00ed.<\/p>\n<p>Ukec\u00e1v\u00e1me ho, aby jel s n\u00e1mi ter\u00e9nem dol\u016f a nevracel se po asfaltu. Po 3 km toho siln\u011b lituje. Ale bojuje. Krom\u011b dlouh\u00fdch v\u00fdjezd\u016f nem\u00e1 r\u00e1d tak\u00e9 technick\u00e9 sjezdy. To jsou ale skoro jedin\u00e9 dv\u011b v\u011bci, ze kter\u00fdch se Tremalzo skl\u00e1d\u00e1 :).<\/p>\n<div id='gallery-1' class='gallery galleryid-156 gallery-columns-2 gallery-size-medium'><figure class='gallery-item'>\n\t\t\t<div class='gallery-icon portrait'>\n\t\t\t\t<a href='https:\/\/www.scottacime.cz\/?attachment_id=157'><img width=\"225\" height=\"300\" src=\"https:\/\/www.scottacime.cz\/wp-content\/uploads\/2017\/02\/2011-5-Garda1-225x300.jpg\" class=\"attachment-medium size-medium\" alt=\"\" loading=\"lazy\" srcset=\"https:\/\/www.scottacime.cz\/wp-content\/uploads\/2017\/02\/2011-5-Garda1-225x300.jpg 225w, https:\/\/www.scottacime.cz\/wp-content\/uploads\/2017\/02\/2011-5-Garda1-768x1024.jpg 768w, https:\/\/www.scottacime.cz\/wp-content\/uploads\/2017\/02\/2011-5-Garda1.jpg 1944w\" sizes=\"(max-width: 225px) 100vw, 225px\" \/><\/a>\n\t\t\t<\/div><\/figure><figure class='gallery-item'>\n\t\t\t<div class='gallery-icon portrait'>\n\t\t\t\t<a href='https:\/\/www.scottacime.cz\/?attachment_id=158'><img width=\"225\" height=\"300\" src=\"https:\/\/www.scottacime.cz\/wp-content\/uploads\/2017\/02\/2011-5-Garda2-225x300.jpg\" class=\"attachment-medium size-medium\" alt=\"\" loading=\"lazy\" srcset=\"https:\/\/www.scottacime.cz\/wp-content\/uploads\/2017\/02\/2011-5-Garda2-225x300.jpg 225w, https:\/\/www.scottacime.cz\/wp-content\/uploads\/2017\/02\/2011-5-Garda2-768x1024.jpg 768w, https:\/\/www.scottacime.cz\/wp-content\/uploads\/2017\/02\/2011-5-Garda2.jpg 1944w\" sizes=\"(max-width: 225px) 100vw, 225px\" \/><\/a>\n\t\t\t<\/div><\/figure><figure class='gallery-item'>\n\t\t\t<div class='gallery-icon portrait'>\n\t\t\t\t<a href='https:\/\/www.scottacime.cz\/?attachment_id=159'><img width=\"225\" height=\"300\" src=\"https:\/\/www.scottacime.cz\/wp-content\/uploads\/2017\/02\/2011-5-Garda3-225x300.jpg\" class=\"attachment-medium size-medium\" alt=\"\" loading=\"lazy\" srcset=\"https:\/\/www.scottacime.cz\/wp-content\/uploads\/2017\/02\/2011-5-Garda3-225x300.jpg 225w, https:\/\/www.scottacime.cz\/wp-content\/uploads\/2017\/02\/2011-5-Garda3-768x1024.jpg 768w, https:\/\/www.scottacime.cz\/wp-content\/uploads\/2017\/02\/2011-5-Garda3.jpg 1944w\" sizes=\"(max-width: 225px) 100vw, 225px\" \/><\/a>\n\t\t\t<\/div><\/figure><figure class='gallery-item'>\n\t\t\t<div class='gallery-icon portrait'>\n\t\t\t\t<a href='https:\/\/www.scottacime.cz\/?attachment_id=160'><img width=\"225\" height=\"300\" src=\"https:\/\/www.scottacime.cz\/wp-content\/uploads\/2017\/02\/2011-5-Garda4-225x300.jpg\" class=\"attachment-medium size-medium\" alt=\"\" loading=\"lazy\" srcset=\"https:\/\/www.scottacime.cz\/wp-content\/uploads\/2017\/02\/2011-5-Garda4-225x300.jpg 225w, https:\/\/www.scottacime.cz\/wp-content\/uploads\/2017\/02\/2011-5-Garda4-768x1024.jpg 768w, https:\/\/www.scottacime.cz\/wp-content\/uploads\/2017\/02\/2011-5-Garda4.jpg 1944w\" sizes=\"(max-width: 225px) 100vw, 225px\" \/><\/a>\n\t\t\t<\/div><\/figure>\n\t\t<\/div>\n\n<p>Nakonec trasu v\u0161ichni zd\u00e1rn\u011b absolvujeme a u\u017e\u00edv\u00e1me si posledn\u00ed &#8222;srde\u010dn\u00ed&#8220; sjezd z Pregasiny do Rivy. Ten prost\u011b nem\u00e1 chybu. Mus\u00edte si ho ale nejd\u0159\u00edv zaslou\u017eit. Odpoledne je\u0161t\u011b b\u011bh do Torbole se Zdendou. Nave\u010der nar\u00e1\u017e\u00edme sud a odstartov\u00e1v\u00e1me oslavy, kter\u00fdmi jako tenk\u00e1 linie zn\u00ed Zdendovo &#8222;Dza&#8220;, tedy mongolsky nazdrav\u00ed, a Metaxy i ko\u0148aku kvapn\u011b ub\u00fdv\u00e1. Zdenda je v neoby\u010dejn\u00e9 form\u011b a dok\u00e1\u017ee v kr\u00e1tk\u00e9 dob\u011b op\u00edt spoustu lid\u00ed. Kdy\u017e alkohol dojde, odch\u00e1z\u00ed za Luigim do restaurace pro dal\u0161\u00ed l\u00e1hev ko\u0148aku. Dza dza.<br \/>\nDruh\u00fd den vst\u00e1v\u00e1me v p\u0159ekvapiv\u011b dobr\u00e9 pohod\u011b. P\u0159ij\u00ed\u017ed\u00ed Ondra s 2 br\u0148\u00e1ky a n\u00e1\u0161 apartm\u00e1n se zapl\u0148uje k prasknut\u00ed. Osm lid\u00ed na jeden z\u00e1chod se zd\u00e1 b\u00fdt jako nevy\u0159e\u0161iteln\u00fd probl\u00e9m, ale pokud se oprost\u00edte od n\u011bkter\u00fdch vjem\u016f, d\u00e1 se to zvl\u00e1dnout. Vyr\u00e1\u017e\u00edme tedy s Pe\u0165ou a Ondrou na rovinat\u00fd v\u00fdjezd sm\u011brem na Arco a Dr\u00f3. V u\u0161\u00edch mi zn\u00ed op\u011bt p\u00edse\u0148 I drove all night. M\u00e1m prost\u011b ty asociace n\u011bjak jinak postaven\u00fd.<br \/>\nZdenda znovu b\u011b\u017e\u00ed na\u0161\u00edm sm\u011brem, dneska op\u011bt d\u00e1v\u00e1 slu\u0161nou d\u00e1vku ke 30 km. My pokra\u010dujeme po trase maratonu a zkou\u0161\u00edme si sobotn\u00ed stoup\u00e1\u010dek. P\u0159i n\u00e1vratu Pe\u0165a navrhuje test rychlosti a zkou\u0161\u00edme ze sebe po rovin\u011b vym\u00e1\u010dknout maximum. V Arcu si d\u00e1v\u00e1me zmrzlinu, co\u017e se po chv\u00edli sezen\u00ed na v\u011btru a v chladnu ukazuje jako ne zcela dobr\u00fd n\u00e1pad. M\u011bn\u00edme zmrzlinu za \u010daj a vyr\u00e1\u017e\u00edme zp\u011bt do Rivy. N\u00e1sleduje 10 km b\u011bhu a pokra\u010dov\u00e1n\u00ed oslav.<br \/>\nP\u00e1tek je v\u00fdznamn\u00fd t\u00edm, \u017ee se nic v\u00fdznamn\u00e9ho neud\u00e1lo. N\u00e1v\u0161t\u011bva festivalu, lad\u011bn\u00ed kol, n\u00e1v\u0161t\u011bva restaurac\u00ed. Vlastn\u011b ud\u00e1lo. Pe\u0165a a Ondra na netu vytipovali n\u011bkolik restaurac\u00ed v Riv\u011b, kde se dob\u0159e va\u0159\u00ed. Zkou\u0161\u00edm\u011b Leon d\u00b4Oro, tedy Zlat\u00fd Lev nedaleko n\u00e1m\u011bst\u00ed a d\u00e1v\u00e1me si p\u00e1r specialit. Jsme une\u0161en\u00ed jak z j\u00eddla tak z obsluhy a dal\u0161\u00ed den se tam vrac\u00edme. Jejich Spaghetti Scoglio jsou prost\u011b excelentn\u00ed. Odpoledne je\u0161t\u011b dolad\u00edme kola na z\u00e1vod. J\u00e1 jsem prov\u011b\u0159il na\u0159\u00edzlou galusku a zhodnotil, \u017ee z\u00e1vod vydr\u017e\u00ed.<br \/>\nR\u00e1no vst\u00e1v\u00e1m a z galusky jdou bublinky, tlak kvapem ub\u00fdv\u00e1. Je p\u016flhodina do startu. Nerad bych si zopakoval Zdend\u016fv lo\u0148sk\u00fd v\u00fdstup s lepen\u00edm t\u011bsn\u011b p\u0159ed startem. Koul\u00edm prosebn\u011b o\u010di na K\u0159i\u017e\u00e1ka a n\u00e1sleduje bleskov\u00e1 v\u00fdm\u011bna. Jedeme na start. Jsme v B, Ondra d\u00edky v\u010dasn\u00e9mu p\u0159ihl\u00e1\u0161en\u00ed v A, Pe\u0165a d\u00edky pozdn\u00edmu p\u0159ihl\u00e1\u0161en\u00ed v C. Highway to Hell u\u017e je klasika, u\u017e\u00edv\u00e1m si pocity na startu. Vyr\u00e1\u017e\u00edme po asfaltu pekelnou rychlost\u00ed, abychom op\u011bt v prvn\u00edm kopci zjistili, \u017ee N\u011bmci prost\u011b nejsou technicky moc nadan\u00ed. A tak se chv\u00edlemi tla\u010d\u00ed do kopce i z kopce. P\u0159ed prvn\u00ed ob\u010derstvova\u010dkou doj\u00ed\u017ed\u00edm Ondru. &#8222;Je ten kopec je\u0161t\u011b dlouhej?&#8220; &#8222;Jse\u0161 v p\u016flce.&#8220; &#8222;Ty vole&#8230;&#8220; Naho\u0159e u\u017e jsme nad mrakama, je docela zima. Ale to co p\u0159i b\u011b\u017en\u00e9 proj\u00ed\u017e\u010fce vad\u00ed, je p\u0159i z\u00e1vod\u011b jaksi mimochodem. Ve sjezdech se op\u011bt \u010dek\u00e1. Jsou dost n\u00e1ro\u010dn\u00e9, ale jezdit se mus\u00ed rychle. Kdy\u017e jedete krokem, kameny si s v\u00e1mi d\u011blaj\u00ed co cht\u011bj\u00ed. A tak p\u0159i jednom technick\u00e9m sjezdu, kdy p\u0159ede mnou op\u011bt tla\u010d\u00ed p\u00e1r N\u011bmc\u016f, mi najednou n\u011bco \u0161kubne \u0159id\u00edtkama a kouk\u00e1m, \u017ee le\u017e\u00edm v d\u00ed\u0159e vedle trat\u011b, nohy naho\u0159e jako brouk Pytl\u00edk. Na\u0161t\u011bst\u00ed jen lehce natlu\u010den\u00e9 koleno a z\u00e1da. Sed\u00e1m na kolo, ale po\u0159\u00e1d nad\u00e1v\u00e1m na ty brzda\u0159e. P\u0159\u00ed\u0161t\u00ed rok mus\u00edme vyrazit z A\u010dka, aby jich bylo p\u0159ed n\u00e1mi co nejm\u00ed\u0148.<br \/>\nOdbo\u010duju na Ronda Grande a proj\u00ed\u017ed\u00edm \u00fasek, co jsme jeli ve \u010dtvrtek. Jen ty p\u0159evody jsou dneska trochu leh\u010d\u00ed. Vyj\u00ed\u017ed\u00edme po asfaltu op\u011bt do hor. P\u0159ich\u00e1z\u00ed kr\u00e1sn\u00fd \u00fasek s n\u00edzk\u00fdmi borovicemi. Trialov\u00e1 cesti\u010dka s technick\u00fdmi \u00faseky. Pojmenov\u00e1v\u00e1m si ho Bolo\u0148sk\u00fd les\u00edk. Za\u010d\u00edn\u00e1 m\u011b od nara\u017een\u00e9ho kolene chytat k\u0159e\u010d do stehna a kolo p\u0159est\u00e1v\u00e1 \u0159adit na nejmen\u0161\u00ed placku. Ty, co jsem na Picole p\u0159edjel u\u017e m\u011b zase p\u0159edjeli zp\u00e1tky. Ale u\u017e\u00edv\u00e1m si to, koch\u00e1m se, kouk\u00e1m holk\u00e1m na zadky a chlap\u016fm na kola. V\u00edm, \u017ee tenhle \u00fasek je nekone\u010dn\u00fd a zbyte\u010dn\u011b se nestresuju. Po\u010dk\u00e1m si na ob\u010derstvova\u010dku a pak u\u017e skoro po\u0159\u00e1d z kopce. Nen\u00ed kam sp\u011bchat, sed\u00e1m si na lavi\u010dku, d\u00e1v\u00e1m si kol\u00e1\u010d, pop\u00edj\u00edm ion\u0165\u00e1k. Op\u011bt sed\u00e1m na kolo a po krat\u0161\u00edm v\u00fdjezdu se \u0159\u00edt\u00edm z kopce dol\u016f. P\u0159\u00edjemn\u011b se otepluje, sleduju horolezce jak se pot\u00ed ve st\u011bn\u011b. P\u0159ij\u00ed\u017ed\u00edm pod posledn\u00ed trh\u00e1k v olivov\u00e9m h\u00e1ji. Krou\u017e\u00edm pod n\u00edm, jako bych ho cht\u011bl vyl\u00e1kat z \u00fakrytu. Ale realita je jin\u00e1, jen se sna\u017e\u00edm nohou kopat do p\u0159esmyka\u010de a za\u0159adit nejmen\u0161\u00ed placku. Da\u0159\u00ed se a stoup\u00e1m vzh\u016fru. Po technick\u00e9m sjezdu za to beru. Tyhle dojezdy miluju. Doj\u00ed\u017ed\u00ed m\u011b borec z extremy. Zav\u011b\u0161uju se za n\u011bj. Kul\u00edme to do Rivy. Pou\u0161t\u00ed m\u011b na \u0161pici, drt\u00edm tam 3-9. Chci mu uk\u00e1zat, \u017ee nejsem \u017e\u00e1dn\u00fd b\u00e9\u010dko a tempo je m\u016fj denn\u00ed chleba. Po 300 metrech se chyt\u00e1m za stehno. K\u0159e\u010d ukon\u010duje m\u00e9 u\u010dinkov\u00e1n\u00ed v kapitole &#8222;Jak jsem dot\u00e1hl extr\u00e9m\u00e1ka do c\u00edle&#8220; a nast\u00e1v\u00e1 kapitola &#8222;Jak jsem m\u00e1lem nedojel&#8220;. Protahuju se ze sedla a sna\u017e\u00edm se dr\u017eet alespo\u0148 n\u011bjak\u00e9 tempo. S drtiv\u00fdm sprintem u\u017e jsem se rozlou\u010dil. V Riv\u011b u\u017e je mi l\u00edp a doj\u00ed\u017ed\u00edm do c\u00edle spokojen\u00fd a v dobr\u00e9m rozpolo\u017een\u00ed. N\u00e1sleduje n\u011bkolik kompot\u016f v c\u00edli (tradi\u010dn\u011b vynikaj\u00edc\u00ed), osv\u011b\u017een\u00ed a o\u010dista na pokoji, n\u00e1v\u0161t\u011bva Zlat\u00e9ho Lva a op\u011btovn\u00e1 ve\u010dern\u00ed oslava u\u017e ani nev\u00edm \u010deho. Nas\u00e1v\u00e1me atmosf\u00e9ru ve\u010dern\u00edho festivalu, krou\u017e\u00edme kolem st\u00e1nk\u016f, nech\u00e1v\u00e1me si vnutit beer for free a u\u017e\u00edv\u00e1me si pohodu. Ve\u010dern\u00ed n\u00e1v\u0161t\u011bva baru na hlavn\u00ed ulici u\u017e je jen jak\u00e9si vyklus\u00e1n\u00ed cel\u00e9 akce. N\u00e1sleduje dal\u0161\u00ed noc se sluch\u00e1tkama v u\u0161\u00edch. Chlapci toti\u017e chr\u00e1pu, pouze kdy\u017e jsou opil\u00ed nebo unaven\u00ed. Co\u017e je ka\u017edou noc od oboj\u00edho.<br \/>\nV ned\u011bli r\u00e1no kone\u010dn\u011b nastal klasick\u00fd Garda den. Azuro a teplo. P\u0159ed odjezdem se je\u0161t\u011b jdeme vyklusnout do Torbole. Promen\u00e1da kolem jezera je p\u0159\u00edjemn\u00e9 m\u00edsto, b\u011b\u017e\u00edme pomalu, nas\u00e1v\u00e1me jezern\u00ed &#8222;mo\u0159sk\u00fd&#8220; vzduch. V Torbole si sed\u00e1me na hr\u00e1zi do kav\u00e1rni\u010dky na rann\u00ed k\u00e1vu. P\u0159ed odjezdem se sna\u017e\u00edme u\u017e\u00edt si ka\u017edou minutu na tom m\u00edst\u011b. S t\u011b\u017ek\u00fdm srdcem to tu opou\u0161t\u00edme. V hlav\u011b sp\u0159\u00e1d\u00e1m pl\u00e1ny, jak se sem vr\u00e1t\u00edm je\u0161t\u011b v l\u00e9t\u011b nebo na podzim. Ale i kdy\u017e to zase nevyjde, minim\u00e1ln\u011b p\u0159\u00ed\u0161t\u00ed rok jsme tu znovu.<br \/>\nA kluci, d\u00edky za tu hromadu srandy, co jsme zase za\u017eili.<\/p>\n<p>PS: Zdendova nakupovac\u00ed m\u00e1nie tentokr\u00e1t vynechala pumpi\u010dky a v\u0161echny ostatn\u00ed podp\u016frn\u00e9 prost\u0159edky na festivalu a soust\u0159edila se na prodejnu XBionic u Luigiho. A tak postupn\u011b p\u0159ib\u00fdvaly pono\u017eky a nakonec i kalhoty na b\u011bh\u00e1n\u00ed. U trika u\u017e zjistil, \u017ee zas a\u017e tolik nestahuje a nelichot\u00ed a n\u00e1kup odlo\u017eil. Ka\u017edop\u00e1dn\u011b mus\u00edm op\u011bt vyzdvihnout jeho smysl pro vhodn\u00fd n\u00e1kup baget, prosciutta a dal\u0161\u00edm m\u00edstn\u00edch lah\u016fdek.<br \/>\nPPS: V pond\u011bl\u00ed mi Pe\u0165a pos\u00edl\u00e1 SMS, kter\u00e1 to vystihne &#8211; &#8222;Navrat do reality: obed ve skolni jidelne &#8211; spagety s kecupem, gothajem a eidamem. Chci zpatky do Italie.&#8220;<br \/>\nPPPS: Po diskuzi na Behej.com objevuji na Garde bezecky maraton z Limone do Malcesine. Bezi se 9. rijna a uz spradam plany na ucast.<\/p>\n<p>A je\u0161t\u011b p\u00e1r fotek ze z\u00e1vodu:<\/p>\n<div id='gallery-2' class='gallery galleryid-156 gallery-columns-3 gallery-size-medium'><figure class='gallery-item'>\n\t\t\t<div class='gallery-icon landscape'>\n\t\t\t\t<img width=\"250\" height=\"166\" src=\"https:\/\/www.scottacime.cz\/wp-content\/uploads\/2011\/05\/2011-5-Garda-zavod1.jpg\" class=\"attachment-medium size-medium\" alt=\"\" loading=\"lazy\" \/>\n\t\t\t<\/div><\/figure><figure class='gallery-item'>\n\t\t\t<div class='gallery-icon landscape'>\n\t\t\t\t<img width=\"250\" height=\"167\" src=\"https:\/\/www.scottacime.cz\/wp-content\/uploads\/2011\/05\/2011-5-Garda-zavod2.jpg\" class=\"attachment-medium size-medium\" alt=\"\" loading=\"lazy\" \/>\n\t\t\t<\/div><\/figure><figure class='gallery-item'>\n\t\t\t<div class='gallery-icon landscape'>\n\t\t\t\t<img width=\"250\" height=\"166\" src=\"https:\/\/www.scottacime.cz\/wp-content\/uploads\/2011\/05\/2011-5-Garda-zavod3.jpg\" class=\"attachment-medium size-medium\" alt=\"\" loading=\"lazy\" \/>\n\t\t\t<\/div><\/figure><figure class='gallery-item'>\n\t\t\t<div class='gallery-icon landscape'>\n\t\t\t\t<img width=\"250\" height=\"167\" src=\"https:\/\/www.scottacime.cz\/wp-content\/uploads\/2011\/05\/2011-5-Garda-zavod4.jpg\" class=\"attachment-medium size-medium\" alt=\"\" loading=\"lazy\" \/>\n\t\t\t<\/div><\/figure><figure class='gallery-item'>\n\t\t\t<div class='gallery-icon landscape'>\n\t\t\t\t<img width=\"250\" height=\"167\" src=\"https:\/\/www.scottacime.cz\/wp-content\/uploads\/2011\/05\/2011-5-Garda-zavod5.jpg\" class=\"attachment-medium size-medium\" alt=\"\" loading=\"lazy\" \/>\n\t\t\t<\/div><\/figure><figure class='gallery-item'>\n\t\t\t<div class='gallery-icon landscape'>\n\t\t\t\t<img width=\"250\" height=\"167\" src=\"https:\/\/www.scottacime.cz\/wp-content\/uploads\/2011\/05\/2011-5-Garda-zavod6.jpg\" class=\"attachment-medium size-medium\" alt=\"\" loading=\"lazy\" \/>\n\t\t\t<\/div><\/figure>\n\t\t<\/div>\n\n","protected":false},"excerpt":{"rendered":"<p>Ka\u017ed\u00fd m\u00e1me svoje body na map\u011b, kam se r\u00e1di vrac\u00edme a t\u0159eba i sn\u00edme o tom, \u017ee je to p\u011bkn\u00e9 m\u00edsto na \u017eit\u00ed. Takov\u00fdm m\u00edstem je pro m\u011b u\u017e deset let Riva del Garda. M\u011bste\u010dko na severn\u00edm konci Lago di Garda., kde na V\u00e1s d\u00fdchne pohoda, klid a neusp\u011bchan\u00fd \u017eivot [&hellip;]<\/p>\n","protected":false},"author":1,"featured_media":180,"comment_status":"closed","ping_status":"closed","sticky":false,"template":"","format":"standard","meta":[],"categories":[4],"tags":[],"_links":{"self":[{"href":"https:\/\/www.scottacime.cz\/index.php?rest_route=\/wp\/v2\/posts\/156"}],"collection":[{"href":"https:\/\/www.scottacime.cz\/index.php?rest_route=\/wp\/v2\/posts"}],"about":[{"href":"https:\/\/www.scottacime.cz\/index.php?rest_route=\/wp\/v2\/types\/post"}],"author":[{"embeddable":true,"href":"https:\/\/www.scottacime.cz\/index.php?rest_route=\/wp\/v2\/users\/1"}],"replies":[{"embeddable":true,"href":"https:\/\/www.scottacime.cz\/index.php?rest_route=%2Fwp%2Fv2%2Fcomments&post=156"}],"version-history":[{"count":7,"href":"https:\/\/www.scottacime.cz\/index.php?rest_route=\/wp\/v2\/posts\/156\/revisions"}],"predecessor-version":[{"id":175,"href":"https:\/\/www.scottacime.cz\/index.php?rest_route=\/wp\/v2\/posts\/156\/revisions\/175"}],"wp:featuredmedia":[{"embeddable":true,"href":"https:\/\/www.scottacime.cz\/index.php?rest_route=\/wp\/v2\/media\/180"}],"wp:attachment":[{"href":"https:\/\/www.scottacime.cz\/index.php?rest_route=%2Fwp%2Fv2%2Fmedia&parent=156"}],"wp:term":[{"taxonomy":"category","embeddable":true,"href":"https:\/\/www.scottacime.cz\/index.php?rest_route=%2Fwp%2Fv2%2Fcategories&post=156"},{"taxonomy":"post_tag","embeddable":true,"href":"https:\/\/www.scottacime.cz\/index.php?rest_route=%2Fwp%2Fv2%2Ftags&post=156"}],"curies":[{"name":"wp","href":"https:\/\/api.w.org\/{rel}","templated":true}]}}