{"id":211,"date":"2013-09-12T00:50:42","date_gmt":"2013-09-11T23:50:42","guid":{"rendered":"http:\/\/www.scottacime.cz.forrest.miniserver.cz\/?p=211"},"modified":"2017-05-25T00:52:26","modified_gmt":"2017-05-24T23:52:26","slug":"jen-si-tak-trochu-pisnout","status":"publish","type":"post","link":"https:\/\/www.scottacime.cz\/?p=211","title":{"rendered":"Jen si tak trochu p\u00edsnout"},"content":{"rendered":"<p>Jsem v rozpolo\u017een\u00ed, kdy se mi chce n\u011bco ps\u00e1t. Ale nev\u00edm co. V\u00fdjime\u010dn\u00e1 situace. V\u011bt\u0161inou m\u00e1m skluz v popisov\u00e1n\u00ed toho, co jsem v\u0161echno absolvoval. Ale m\u00e1m n\u011bjak\u00fd zvl\u00e1\u0161tn\u00ed stav mysli. Takov\u00fd doj\u00edmac\u00ed a bilan\u010dn\u00ed (jo, to je to spr\u00e1vn\u00fd slovo).<br \/>\nPosledn\u00ed dobou prob\u011bhlo n\u011bkolik m\u00fdch srde\u010dn\u00edch z\u00e1vod\u016f, bohu\u017eel zat\u00edm bez m\u00e9 \u00fa\u010dasti. Aby taky ne, UTMB zat\u00edm v \u0159\u00ed\u0161i sn\u016f, Beskydsk\u00e1 7 zat\u00edm jen ve st\u00e1diu pl\u00e1n\u016f. Nav\u00edc mi K\u0159i\u017e\u00e1k ozn\u00e1mil, \u017ee m\u00e1 pro m\u011b na p\u0159\u00ed\u0161t\u00ed rok startovn\u00fd na Lavaredo v\u010detn\u011b pln\u00fd podpory NorthFace.<br \/>\nDoprdele Zdendo, to j\u00e1 snad ob\u011bhnu tu pra\u017eskou stovku, kterou letos Olaf nam\u011b\u0159il asi na 140 km, abych z\u00edskal kvalifika\u010dn\u00ed 2 body&#8230;.<br \/>\nA tak ve sv\u00e9m voln\u00e9m \u010dase sj\u00ed\u017ed\u00edm videa z leto\u0161n\u00edho zkr\u00e1cen\u00fdho Lavareda, lo\u0148sk\u00fdho cel\u00fdho Lavareda, kde pozn\u00e1v\u00e1m i \u00faseky z na\u0161eho leto\u0161n\u00edho b\u011bhu AltaVia, a h\u0159eje m\u011b to u srdce. D\u00e1l kouk\u00e1m na videa z leto\u0161n\u00ed UTMB a \u010dtu blog Tonyho, jak ho na 140. km bolav\u00e1 noha donutila odstoupit. Kouk\u00e1m na Kiliana, jak b\u011b\u017e\u00ed na Matterhorn a jako \u0161\u00edlenec mast\u00ed dol\u016f po lanech zp\u00e1tky. Pot\u011bj se mi u toho ruce a \u0159\u00edk\u00e1m si, \u017ee je to magor, ale v dobr\u00fdm. A tak n\u011bjak si \u0159\u00edk\u00e1m, \u017ee chci b\u00fdt sou\u010d\u00e1st\u00ed toho v\u0161eho. P\u00e1r dn\u016f zp\u00e1tky jsem Pe\u0165\u011b na skype psal, jestli je norm\u00e1ln\u00ed t\u011b\u0161it se na b\u011bh dlouhej 120-140 km. Asi je to patologick\u00fd, ale j\u00e1 se t\u011b\u0161\u00edm. Na tu P100 m\u00ed\u0148, nem\u00e1m r\u00e1d zimu, ale na to Lavaredo stra\u0161n\u011b.<br \/>\nKdy\u017e jsem to \u0159ekl Vojtovi, odpov\u011bd\u011bl mi: &#8222;Dy\u0165 jsi byl po t\u00fd stovce \u00fapln\u011b hotovej&#8230;&#8220; No jasn\u011b, o tom to je. J\u00e1 zase chci bejt hotovej, 120 km v Alp\u00e1ch, necel\u00fdch 6000 metr\u016f nastoup\u00e1no. To u\u017e je asi jedno, 80, 100, 120, j\u00e1 jsem hotovej po \u0161edes\u00e1ti. Potom u\u017e to je jen o hlav\u011b. Meditovat a bejt TAM. Kdo neza\u017eil, nepochop\u00ed.<br \/>\nLo\u0148sk\u00e1 Horsk\u00e1 v\u00fdzva v Krkono\u0161\u00edch. Na 25.km za\u010dalo pr\u0161et. No pr\u0161et, chc\u00e1t. Na Sn\u011b\u017ece sn\u011b\u017eilo, byla zima, j\u00e1 m\u011bl na sob\u011b jen triko s n\u00e1vlekama, byl jsem celej promo\u010denej a p\u0159i \u0161plh\u00e1n\u00ed po \u0159et\u011bzech na vrchol jsem si \u0159\u00edkal, co tam vlastn\u011b d\u011bl\u00e1m. Dneska je to jeden z m\u00fdch nejsiln\u011bj\u0161\u00edch z\u00e1\u017eitk\u016f a jsem r\u00e1d, \u017ee jsem to zvl\u00e1dnul. Chci b\u00fdt n\u011bkde uprost\u0159ed noci na horsk\u00fd louce, kde i bob\u0159i u\u017e \u0161li sp\u00e1t, a \u0159\u00edkat si, pro\u010d jsem tady a jestli to m\u00e1m zapot\u0159eb\u00ed. Chci se pr\u00e1t s po\u010das\u00edm nebo s\u00e1m se sebou. Koukat se na oblohu plnou hv\u011bzd a \u0159\u00edkat si, \u017ee ten bl\u00e1zinec dole je mi ukradenej. Prost\u011b to pot\u0159ebuju, ani\u017e bych cht\u011bl n\u011bco dokazovat sv\u00fdmu okol\u00ed. Pro\u010d? Prost\u011b to stoj\u00ed za to, jen pro ten pocit, pro ten z\u00e1\u017eitek.<br \/>\nN\u011bkdo by mohl poznamenat, \u017ee bych to \u00fasil\u00ed, kter\u00fd vynakl\u00e1d\u00e1m na tuhle \u010dinnost, mohl spot\u0159ebovat \u00fa\u010deln\u011bji. To je pravda. Ale j\u00e1 m\u00e1m se spasen\u00edm sv\u011bta svoje vlastn\u00ed pl\u00e1ny a douf\u00e1m, \u017ee na n\u011b p\u0159ijde \u010das. P\u0159eci nem\u016f\u017ee po\u0159\u00e1d pr\u0161et. Uvnit\u0159 i venku.<br \/>\nMus\u00edm \u0159\u00edct, \u017ee po tom mizern\u00fdm jaru m\u011b zase za\u010dalo bavit b\u011bh\u00e1n\u00ed. P\u0159edminul\u00fd v\u00edkend jsme b\u011b\u017eeli p\u016flmaraton v Blansku, kde jsem z naprosto \u0161patn\u011b rozb\u011bhnut\u00fdho z\u00e1vodu zab\u011bhl osob\u00e1k (by\u0165 jen o p\u00e1r vte\u0159in), tenhle v\u00edkend se zase chyst\u00e1me s Pe\u0165ou do \u00dast\u00ed, kde bych r\u00e1d la\u0165ku je\u0161t\u011b o n\u011bco posunul. Na objem te\u010f ka\u0161lu, \u00faseky a rovinky jsou m\u016fj c\u00edl. V pond\u011bl\u00ed 15 km, z v\u011bt\u0161\u00ed \u010d\u00e1sti v tempu 4.15, v\u010dera 13 km s kilometrov\u00fdmi \u00faseky za 3:50 s v\u00fdklusama. Kupodivu, kdy\u017e u\u017e se k tomu dokopu, bav\u00ed m\u011b to. I kdy\u017e to bol\u00ed.<br \/>\nPak mo\u017en\u00e1 maraton na Gard\u011b s n\u011bjak\u00fdm slu\u0161n\u00fdm \u010dasem a potom u\u017e jen p\u0159\u00edprava na vrchol p\u0159\u00ed\u0161t\u00ed sez\u00f3ny, Lavaredo. Tak\u017ee objemy, kopce a celou zimu na b\u011b\u017ek\u00e1ch. Na kter\u00fd se mimochodem stra\u0161n\u011b t\u011b\u0161\u00edm.<\/p>\n<p>Dneska jsem si p\u0159i sledov\u00e1n\u00ed V\u0161echnop\u00e1rty uv\u011bdomil, \u017ee m\u011b v\u017edycky dojme, kdy\u017e n\u011bkdo n\u011bco d\u011bl\u00e1 po\u0159\u00e1dn\u011b, od srdce a hlavn\u011b dob\u0159e. Vzpomn\u011bl jsem si, \u017ee ned\u00e1vno jsem si napsal do \u0161upl\u00edku malou pozn\u00e1mku o m\u00e9m setk\u00e1n\u00ed s jedn\u00edm z\u00e1vodn\u00edkem&#8230;<\/p>\n<p>&#8212;<br \/>\nDneska jsem v \u0161\u00edlen\u00fd bou\u0159ce za pou\u017eit\u00ed dvou de\u0161tn\u00edk\u016f dorazil do hospody snad a\u017e na konci Dejvic..<br \/>\nPo patn\u00e1cti kilometrech b\u011bhu v tot\u00e1ln\u00edm dusnu ve Stromovce jsem se t\u011b\u0161il na plze\u0148, kterou spl\u00e1chnu t\u011bch \u0161est nekone\u010dnejch okruh\u016f. Najednou ve\u0161el hubenej kluk, za n\u00edm \u0161lo je\u0161t\u011b p\u00e1r lid\u00ed a sedli si ke stolu p\u0159es uli\u010dku.<br \/>\n&#8222;To je Je\u017eek, ten cyklista..&#8220;, poznamenala Pe\u0165a. Ani jsem si nev\u0161iml, \u017ee m\u00e1 prot\u00e9zu.<br \/>\nSed\u011bl jsem tam, pil pivo, a v hlav\u011b mi b\u011b\u017eelo v\u0161echno, co o n\u011bm v\u00edm. Jel skv\u011ble jako p\u0159edjezdec leto\u0161n\u00ed \u010dasovku na Tour de France, vyhr\u00e1l spoustu z\u00e1vod\u016f a je n\u011bkolikan\u00e1sobn\u00fd paralympijsk\u00fd v\u00edt\u011bz. Kdy\u017e jsem ho na pra\u017esk\u00fdm p\u016flmaratonu p\u0159edb\u00edhal, uk\u00e1zal jsem mu palec nahoru. Bavil jsem se, kdy\u017e v televizi vypravoval, jak p\u0159ep\u00e1lil tenhle p\u016flmaraton a ta zdrav\u00e1 noha nest\u00edhala t\u00e9 karbonov\u00e9.<br \/>\nSm\u00e1l jsem se, kdy\u017e si objednal druh\u00fd pivo a celkem la\u010dn\u011b ho vypil.<br \/>\nNejsem sb\u011bratel podpis\u016f, nejsem bezmy\u0161lenkov\u00fd obdivovatel celebrit. Ale poprv\u00e9 v \u017eivot\u011b jsem p\u0159ekonal svoji nesm\u011blost a do\u0161el jsem k jeho stolu. &#8222;Gratuluju ke skv\u011bl\u00fdmu v\u00fdkonu na Tour&#8220;. Prost\u011b mi to nedalo, vyj\u00e1d\u0159it sv\u016fj obdiv \u010dlov\u011bku, kter\u00fd opravdu n\u011bco dok\u00e1zal. By\u0165 to m\u016f\u017ee z pohledu kohokoliv jin\u00fdho p\u016fsobit jako tot\u00e1ln\u00ed NIC. Z\u00e1jem o Matyldu ne\u010dekan\u011b prodlou\u017eil n\u00e1\u0161 hovor, pop\u0159\u00e1l jsem hodn\u011b zdaru a vytratil jsem se. V\u00edm, \u017ee ka\u017ed\u00fd takov\u00fd povzbuzen\u00ed dok\u00e1\u017ee hodn\u011b pot\u011b\u0161it a i kdy\u017e je n\u011bkdo na \u0161pi\u010dce v\u00fdkonosti, pro\u017e\u00edv\u00e1 to sam\u00e9, co my uprost\u0159ed (nebo na chvostu?). Jak to v\u00edm? Prost\u011b si to mysl\u00edm. Proto jsem poprv\u00e9 v \u017eivot\u011b p\u0159ekro\u010dil sv\u016fj pr\u00e1h. Ne proto, abych si ud\u011blal z\u00e1\u0159ez v seznamu osobnost\u00ed. \u017d\u00e1dn\u00fd nem\u00e1m.<br \/>\nI kdy\u017e, je p\u00e1r lid\u00ed, ke kter\u00fdm bych po del\u0161\u00edm p\u0159em\u00fd\u0161len\u00ed p\u0159i\u0161el a pod\u011bkoval bych jim pod\u00e1n\u00edm ruky. Nam\u00e1tkou pan Horn\u00ed\u010dek, Such\u00fd, Werich, Trojan. U n\u011bkter\u00fdch to u\u017e ale nestihnu.<br \/>\n&#8212;<\/p>\n<p>Televize a noviny n\u00e1m dop\u0159\u00e1vaj\u00ed spoustu tzv. osobnost\u00ed, po kter\u00fdch by spr\u00e1vn\u011b nem\u011bl \u0161t\u011bknout ani pes. Poj\u010fme v\u011bnovat pozornost jenom t\u011bm, kte\u0159\u00ed si to opravdu zaslou\u017e\u00ed. Na mysl mi vyvst\u00e1v\u00e1 jednoruk\u00fd voz\u00ed\u010dk\u00e1\u0159, kter\u00fd vloni na Gard\u011b startoval na trasu maratonu a mn\u011b se draly slzy do o\u010d\u00ed&#8230;<\/p>\n","protected":false},"excerpt":{"rendered":"<p>Jsem v rozpolo\u017een\u00ed, kdy se mi chce n\u011bco ps\u00e1t. Ale nev\u00edm co. V\u00fdjime\u010dn\u00e1 situace. V\u011bt\u0161inou m\u00e1m skluz v popisov\u00e1n\u00ed toho, co jsem v\u0161echno absolvoval. Ale m\u00e1m n\u011bjak\u00fd zvl\u00e1\u0161tn\u00ed stav mysli. Takov\u00fd doj\u00edmac\u00ed a bilan\u010dn\u00ed (jo, to je to spr\u00e1vn\u00fd slovo). Posledn\u00ed dobou prob\u011bhlo n\u011bkolik m\u00fdch srde\u010dn\u00edch z\u00e1vod\u016f, bohu\u017eel zat\u00edm bez [&hellip;]<\/p>\n","protected":false},"author":1,"featured_media":0,"comment_status":"closed","ping_status":"open","sticky":false,"template":"","format":"standard","meta":[],"categories":[4],"tags":[],"_links":{"self":[{"href":"https:\/\/www.scottacime.cz\/index.php?rest_route=\/wp\/v2\/posts\/211"}],"collection":[{"href":"https:\/\/www.scottacime.cz\/index.php?rest_route=\/wp\/v2\/posts"}],"about":[{"href":"https:\/\/www.scottacime.cz\/index.php?rest_route=\/wp\/v2\/types\/post"}],"author":[{"embeddable":true,"href":"https:\/\/www.scottacime.cz\/index.php?rest_route=\/wp\/v2\/users\/1"}],"replies":[{"embeddable":true,"href":"https:\/\/www.scottacime.cz\/index.php?rest_route=%2Fwp%2Fv2%2Fcomments&post=211"}],"version-history":[{"count":1,"href":"https:\/\/www.scottacime.cz\/index.php?rest_route=\/wp\/v2\/posts\/211\/revisions"}],"predecessor-version":[{"id":212,"href":"https:\/\/www.scottacime.cz\/index.php?rest_route=\/wp\/v2\/posts\/211\/revisions\/212"}],"wp:attachment":[{"href":"https:\/\/www.scottacime.cz\/index.php?rest_route=%2Fwp%2Fv2%2Fmedia&parent=211"}],"wp:term":[{"taxonomy":"category","embeddable":true,"href":"https:\/\/www.scottacime.cz\/index.php?rest_route=%2Fwp%2Fv2%2Fcategories&post=211"},{"taxonomy":"post_tag","embeddable":true,"href":"https:\/\/www.scottacime.cz\/index.php?rest_route=%2Fwp%2Fv2%2Ftags&post=211"}],"curies":[{"name":"wp","href":"https:\/\/api.w.org\/{rel}","templated":true}]}}