{"id":231,"date":"2013-08-01T23:06:48","date_gmt":"2013-08-01T22:06:48","guid":{"rendered":"http:\/\/www.scottacime.cz.forrest.miniserver.cz\/?p=231"},"modified":"2017-06-08T01:13:00","modified_gmt":"2017-06-08T00:13:00","slug":"alta-via-1-aneb-jak-za-5-dnu-prebehnete-dolomity","status":"publish","type":"post","link":"https:\/\/www.scottacime.cz\/?p=231","title":{"rendered":"Alta Via 1 &#8211; aneb jak za 5 dn\u016f p\u0159eb\u011bhnete Dolomity"},"content":{"rendered":"<p>Akci vymyslel, vyhledal a napl\u00e1noval Pe\u0165a u\u017e n\u011bkdy v zim\u011b. Z\u00e1ke\u0159n\u011b n\u00e1m rozeslal prezentaci, ve kter\u00fd zcela z\u00e1m\u011brn\u011b a ne\u010destn\u011b pou\u017eil ty nejt\u011b\u017e\u0161\u00ed kalibry typu &#8222;hezk\u00fd po\u010das\u00ed&#8220;, &#8222;pob\u011b\u017e\u00edme po n\u00e1horn\u00edch plo\u0161in\u00e1ch v hor\u00e1ch&#8220;, &#8222;je to v\u00fdzva&#8220;, &#8222;v\u0161ichni to b\u011bhaj&#8220; a tak podobn\u011b. Okam\u017eit\u011b jsem se do toho pl\u00e1nu zamiloval a pova\u017eoval ho za vrchol sez\u00f3ny. Po n\u00e1vratu z akce mus\u00edm \u0159\u00edct, \u017ee opr\u00e1vn\u011bn\u011b.<br \/>\nKdy\u017e u\u017e nebylo jin\u00e9ho zbyt\u00ed, prob\u011bhla ustavuj\u00edc\u00ed sch\u016fzka, na kter\u00e9 jsme se nakonec se\u0161li \u010dty\u0159i, Pe\u0165a, Ondra, Zdenda a j\u00e1. Etapy jsme zvolili podle pl\u00e1nu Holomites a po vy\u010derp\u00e1vaj\u00edc\u00ed mailov\u00e9 komunikaci rezervovali v\u0161echna rifugia (horsk\u00e9 chaty). Teda aspo\u0148 jsme v to pevn\u011b doufali.<br \/>\nV mnoha jedinc\u00edch vyvolala napl\u00e1novan\u00e1 akce pocit zodpov\u011bdnosti a dokonce za\u010dali i b\u011bhat. Nav\u00edc k tomu p\u0159istoupilo i \u00faporn\u00e9 pl\u00e1nov\u00e1n\u00ed v\u00fdbavy a v\u00fdzbroje. P\u0159\u00edjemn\u00e9 starosti, zvl\u00e1\u0161\u0165 kdy\u017e na n\u011b m\u00e1te 4 m\u011bs\u00edce a celou dobu se m\u016f\u017eete odd\u00e1vat p\u0159edstav\u00e1m, jak to bude vypadat. U\u017e jsem se nemohl do\u010dkat, a\u017e stanu na obrovsk\u00e9 terase na Lagazuoi a \u0159eknu si &#8211; &#8222;Sem jsem se tak stra\u0161n\u011b t\u011b\u0161il cel\u00fd jaro&#8220;. Term\u00edn se bl\u00ed\u017e\u00ed, n\u00e1kupy vybaven\u00ed se zv\u011bt\u0161uj\u00ed a na pivu v\u011bt\u0161inou konzultujeme, kdo si co po\u0159\u00eddil a co bere s sebou. Po up\u0159es\u0148uj\u00edc\u00ed komunikaci s chatama bohu\u017eel vol\u00edme variantu, \u017ee je pot\u0159eba si s sebou vz\u00edt spac\u00e1ky. I kdy\u017e m\u00e1me lehk\u00e9 varianty 300-550g, po\u0159\u00e1d je to zbyte\u010dn\u00e1 v\u00e1ha nav\u00edc. J\u00e1 nakonec po dal\u0161\u00edm ov\u011b\u0159ov\u00e1n\u00ed zariskuju a beru si jen 100gr hedv\u00e1bn\u00fd vak a budu doufat ve voln\u00e9 deky na paland\u00e1ch.<br \/>\nV p\u00e1tek p\u0159ed ned\u011bln\u00edm odjezdem n\u00e1s ale zasko\u010d\u00ed po\u010das\u00ed. Nad 1500 metr\u016f napadlo 30 cm nov\u00e9ho sn\u011bhu. Tuhle informaci n\u00e1m potvrzuje i K\u0159i\u017e\u00e1k, kter\u00fd v sobotu b\u011b\u017e\u00ed horsk\u00fd maraton v Brixenu a kde po\u0159adatel\u00e9 museli zm\u011bnit trasu. Smutn\u011b kouk\u00e1m na webov\u00e9 kamery a \u0159\u00edk\u00e1m si, \u017ee je po v\u0161em. B\u011bh\u00e1n\u00ed ve sn\u011bhu jsem si letos u\u017eil a\u017ea\u017e a nehodl\u00e1m to praktikovat po cest\u00e1ch, kter\u00e9 nezn\u00e1me a kde i zna\u010den\u00ed bude zapadan\u00fd. SMSky o zru\u0161en\u00ed a neru\u0161en\u00ed l\u00edtaj\u00ed \u00e9t\u00e9rem a\u017e do ned\u011bln\u00edho r\u00e1na. Sn\u00edh viditeln\u011b ustupuje a pad\u00e1 definitivn\u00ed rozhodnut\u00ed. JEDEME.<br \/>\n<style>      #bwg_container1_0 #bwg_container2_0 .image_browser_images_conteiner_0 * {        -moz-box-sizing: border-box;        box-sizing: border-box;      }      #bwg_container1_0 #bwg_container2_0 .image_browser_images_conteiner_0{\t\t\t\tbackground-color: rgba(245, 245, 245, 0.90);\t\t\t\ttext-align: center;\t\t\t\twidth: 100%;\t\t\t\tborder-style: none;\t\t\t\tborder-width: 2px;\t\t\t\tborder-color: #F7F7F7;\t\t\t\tpadding: 4px;\t\t\t\tborder-radius: 0;\t\t\t\tposition:relative;      }      #bwg_container1_0 #bwg_container2_0 .image_browser_images_0 {\t\t\t\tdisplay: inline-block;\t\t\t\t-moz-box-sizing: border-box;\t\t\t\tbox-sizing: border-box;\t\t\t\tfont-size: 0;\t\t\t\ttext-align: center;\t\t\t\tmax-width: 100%;\t\t\t\twidth: 800px;      }      #bwg_container1_0 #bwg_container2_0 .image_browser_image_buttons_conteiner_0 {\t\t\t\ttext-align: center;      }      #bwg_container1_0 #bwg_container2_0 .image_browser_image_buttons_0 {\t\t\t\tdisplay: inline-block;\t\t\t\twidth:100%;      }      #bwg_container1_0 #bwg_container2_0 .bwg_image_browser_image_0 {        background-color: rgba(235, 235, 235, 0.80);\t\t\t\ttext-align: center;\t\t\t\t\/*display: inline-block;*\/\t\t\t\tvertical-align: middle;\t\t\t\tmargin: 2px auto;\t\t\t\tpadding: 4px;\t\t\t\tborder-radius: 0;\t\t\t\tborder: 1px none #F5F5F5;\t\t\t\tbox-shadow: ;\t\t\t\t\/*z-index: 100;*\/\t\t\t\tposition: relative;      }      #bwg_container1_0 #bwg_container2_0 .bwg_image_alt_0{\t\t\t\tdisplay: table;\t\t\t\twidth: 100%;\t\t\t\tfont-size: 15px;\t\t\t\tfont-family: segoe ui;\t\t\t\tcolor: #000000;\t\t\t\ttext-align:center;\t\t\t\tpadding-left: 8px;        word-break: break-word;      }      #bwg_container1_0 #bwg_container2_0 .bwg_image_browser_img_0 {        padding: 0 !important;\t\t\t\tmax-width: 100% !important;\t\t\t\theight: inherit !important;\t\t\t\twidth: 100%;\t\t\t\t      }      @media only screen and (max-width : 320px) {\t\t\t\t#bwg_container1_0 #bwg_container2_0 .displaying-num_0 {\t\t\t\t  display: none;\t\t\t\t}\t\t\t\t#bwg_container1_0 #bwg_container2_0 .bwg_image_alt_0 {\t\t\t\t  font-size: 10px !important;\t\t\t\t}\t\t\t\t#bwg_container1_0 #bwg_container2_0 .bwg_watermark_text_0,\t\t\t\t#bwg_container1_0 #bwg_container2_0 .bwg_watermark_text_0:hover {\t\t\t\t  font-size: 10px !important;\t\t\t\t  text-decoration: none;\t\t\t\t  margin: 4px;\t\t\t\t  font-family: ;\t\t\t\t  color: # !important;\t\t\t\t  opacity: <br \/><b>Warning<\/b>:  A non-numeric value encountered in <b>\/data\/www\/scottacime_cz\/www\/wp-content\/plugins\/photo-gallery\/frontend\/views\/BWGViewImage_browser.php<\/b> on line <b>518<\/b><br \/>0.00;\t\t\t  \tfilter: Alpha(opacity=);          text-decoration: none;\t\t\t\t  position: relative;\t\t\t\t  z-index: 10141;\t\t\t\t}\t\t\t\t#bwg_container1_0 #bwg_container2_0 .bwg_image_browser_image_description_0 {          color: #000000;\t\t\t\t  display: table;\t\t\t\t  width: 100%;\t\t\t\t  text-align: left;\t\t\t\t  font-size: 8px !important;\t\t\t\t  font-family: segoe ui;\t\t\t\t  padding: 8px 8px 8px 8px;\t\t\t\t  \/*word-break: break-all;*\/\t\t\t\t  border-style: none;\t\t\t\t  background-color: #EBEBEB;\t\t\t\t  border-radius: 0;\t\t\t\t  border-width: 1px;\t\t\t\t}        \t\t\t\t#bwg_container1_0 #bwg_container2_0 .tablenav-pages_0 a {\t\t\t\t  font-size: 10px !important;\t\t\t\t}\t\t\t\t      }      \/*pagination styles*\/      #bwg_container1_0 #bwg_container2_0 .tablenav-pages_0 {\t\t\t\ttext-align: center;\t\t\t\tfont-size: 12px;\t\t\t\tfont-family: segoe ui;\t\t\t\tfont-weight: bold;\t\t\t\tcolor: #666666;\t\t\t\tmargin: 6px 0 4px;\t\t\t\tdisplay: block;\t\t\t\theight: 30px;\t\t\t\tline-height: 30px;      }      #bwg_container1_0 #bwg_container2_0 .displaying-num_0 {\t\t\t\tfont-size: 12px;\t\t\t\tfont-family: segoe ui;\t\t\t\tfont-weight: bold;\t\t\t\tcolor: #666666;\t\t\t\tmargin-right: 10px;\t\t\t\tvertical-align: middle;\t\t\t\tdisplay: none;      }      #bwg_container1_0 #bwg_container2_0 .paging-input_0 {\t\t\t\tfont-size: 12px;\t\t\t\tfont-family: segoe ui;\t\t\t\tfont-weight: bold;\t\t\t\tcolor: #666666;\t\t\t\tvertical-align: middle;      }      #bwg_container1_0 #bwg_container2_0 .tablenav-pages_0 a.disabled,      #bwg_container1_0 #bwg_container2_0 .tablenav-pages_0 a.disabled:hover,      #bwg_container1_0 #bwg_container2_0 .tablenav-pages_0 a.disabled:focus {\t\t\t\tcursor: default;\t\t\t\tcolor: rgba(102, 102, 102, 0.5);      }      #bwg_container1_0 #bwg_container2_0 .tablenav-pages_0 a.next-page:hover,      #bwg_container1_0 #bwg_container2_0 .tablenav-pages_0 a.prev-page:hover {        color: #000000;      }      #bwg_container1_0 #bwg_container2_0 .tablenav-pages_0 a {\t\t\t\tcursor: pointer;\t\t\t\tfont-size: 15px;\t\t\t\tfont-family: segoe ui;\t\t\t\tfont-weight: bold;\t\t\t\tcolor: #666666;\t\t\t\ttext-decoration: none;\t\t\t\tpadding: 0% 7%;\t\t\t\tmargin: 0;\t\t\t\tborder-radius: 0;\t\t\t\tborder-style: none;\t\t\t\tborder-width: 1px;\t\t\t\tborder-color: #E3E3E3;\t\t\t\tbackground-color: #FFFFFF;\t\t\t\topacity: 1.00;\t\t\t\tfilter: Alpha(opacity=100);\t\t\t\ttransition: all 0.3s ease 0s;-webkit-transition: all 0.3s ease 0s;      }      #bwg_container1_0 #bwg_container2_0 .tablenav-pages_0 .first-page,      #bwg_container1_0 #bwg_container2_0 .tablenav-pages_0 .last-page {        padding: 0% 7%; \t\t              }\t    #bwg_container1_0 #bwg_container2_0 .tablenav-pages_0 .next-page {        margin: 0% 4% 0% 0%; \t\t              }      #bwg_container1_0 #bwg_container2_0 .tablenav-pages_0 .prev-page {        margin: 0% 0% 0% 4%; \t\t              }      #bwg_container1_0 #bwg_container2_0 #spider_popup_overlay_0 {\t\t\t\tbackground-color: #000000;        opacity: 0.70;        filter: Alpha(opacity=70);      }      #bwg_container1_0 #bwg_container2_0 .bwg_image_browser_image_desp_0 {\t\t\t\tdisplay: table;\t\t\t\tclear: both;\t\t\t\ttext-align: center;        padding: 0px 5px 0px 5px;\t\t\t\twidth: 100%;      }      #bwg_container1_0 #bwg_container2_0 .bwg_image_browser_image_description_0 {        color: #000000;\t\t\t\tdisplay: table;\t\t\t\twidth: 100%;\t\t\t\ttext-align: left;\t\t\t\tfont-size: 15px;\t\t\t\tfont-family: segoe ui;\t\t\t\tpadding: 8px 8px 8px 8px;\t\t\t\tword-break: break-word;\t\t\t\tborder-style: none;\t\t\t\tbackground-color: #EBEBEB;\t\t\t\tborder-radius: 0;\t\t\t\tborder-width: 1px;      }      #bwg_container1_0 #bwg_container2_0 .bwg_image_browser_image_alt_0 {      \tdisplay:table;        clear: both;        text-align: center;        padding: 8px;        width: 100%;      }      \/*watermark*\/      #bwg_container1_0 #bwg_container2_0 .bwg_watermark_text_0,      #bwg_container1_0 #bwg_container2_0 .bwg_watermark_text_0:hover {\t\t\t\ttext-decoration: none;\t\t\t\tmargin: 4px;\t\t\t\tfont-size: px;\t\t\t\tfont-family: ;\t\t\t\tcolor: # !important;\t\t\t\topacity: <br \/><b>Warning<\/b>:  A non-numeric value encountered in <b>\/data\/www\/scottacime_cz\/www\/wp-content\/plugins\/photo-gallery\/frontend\/views\/BWGViewImage_browser.php<\/b> on line <b>650<\/b><br \/>0.00;\t\t\t\tfilter: Alpha(opacity=);\t\t\t\tposition: relative;\t\t\t\tz-index: 10141;      }      #bwg_container1_0 #bwg_container2_0 .bwg_image_browser_image_contain_0{\t\t\t\tposition: absolute;\t\t\t\ttext-align: center;\t\t\t\tvertical-align: middle;\t\t\t\twidth: 100%;\t\t\t\theight: 100%;\t\t\t\tcursor: pointer;      }      #bwg_container1_0 #bwg_container2_0 .bwg_image_browser_watermark_contain_0{        display: table;\t\t\t\tvertical-align: middle;\t\t\t\twidth: 100%;\t\t\t\theight: 100%;      }\t       #bwg_container1_0 #bwg_container2_0 .bwg_image_browser_watermark_cont_0{        display: table-cell;\t\t\t\ttext-align: ;\t\t\t\tposition: relative;\t\t\t\tvertical-align: ;      }      #bwg_container1_0 #bwg_container2_0 .bwg_image_browser_watermark_0{\t\t\t\tdisplay: inline-block;\t\t\t\toverflow: hidden;\t\t\t\tposition: relative;\t\t\t\tvertical-align: middle;\t\t\t\tz-index: 10140;\t\t\t\twidth: px;\t\t\t\tmax-width: <br \/><b>Warning<\/b>:  A non-numeric value encountered in <b>\/data\/www\/scottacime_cz\/www\/wp-content\/plugins\/photo-gallery\/frontend\/views\/BWGViewImage_browser.php<\/b> on line <b>682<\/b><br \/>0%;\t\t\t\tmargin: 10px 10px 10px 10px ;      }      #bwg_container1_0 #bwg_container2_0 .bwg_image_browser_watermark_text_0{        display: inline-block;\t\t\t\toverflow: hidden;\t\t\t\tposition: relative;\t\t\t\tvertical-align: middle;\t\t\t\tz-index: 10140;\t\t\t\tmargin: 10px 10px 10px 10px ;      }      #bwg_container1_0 #bwg_container2_0 .bwg_image_browser_watermark_img_0{\t\t\t\tmax-width: 100%;\t\t\t\topacity: <br \/><b>Warning<\/b>:  A non-numeric value encountered in <b>\/data\/www\/scottacime_cz\/www\/wp-content\/plugins\/photo-gallery\/frontend\/views\/BWGViewImage_browser.php<\/b> on line <b>695<\/b><br \/>0.00;\t\t\t\tfilter: Alpha(opacity=);\t\t\t\tposition: relative;\t\t\t\tz-index: 10141;      }      #bwg_container1_0 #bwg_container2_0 .bwg_none_selectable {        -webkit-touch-callout: none;        -webkit-user-select: none;        -khtml-user-select: none;        -moz-user-select: none;        -ms-user-select: none;        user-select: none;      }      #bwg_container1_0 #bwg_container2_0 .bwg_gal_title_0 {        background-color: rgba(0, 0, 0, 0);        color: #CCCCCC;        display: block;        font-family: segoe ui;        font-size: 16px;        font-weight: bold;        padding: 2px;        text-shadow: 0px 0px 0px #888888;        text-align: center;    }    <\/style>    <div id=\"bwg_container1_0\">      <div id=\"bwg_container2_0\">        <form id=\"gal_front_form_0\" method=\"post\" action=\"#\" data-current=\"0\">                    <div class=\"image_browser_images_conteiner_0\">            <div id=\"ajax_loading_0\" style=\"position:absolute;width: 100%; z-index: 115; text-align: center; height: 100%; vertical-align: middle; display:none;\">              <div style=\"display: table; vertical-align: middle; width: 100%; height: 100%; background-color: #FFFFFF; opacity: 0.7; filter: Alpha(opacity=70);\">                <div style=\"display: table-cell; text-align: center; position: relative; vertical-align: middle;\" >                  <div id=\"loading_div_0\" class=\"bwg_spider_ajax_loading\" style=\"display: inline-block; text-align:center; position:relative; vertical-align:middle; background-image:url(https:\/\/www.scottacime.cz\/wp-content\/plugins\/photo-gallery\/images\/ajax_loader.gif); float: none; width:30px;height:30px;background-size:30px 30px;\">                  <\/div>                <\/div>              <\/div>            <\/div>            <div class=\"image_browser_images_0\" id=\"bwg_standart_thumbnails_0\" >                                <div class=\"image_browser_image_buttons_conteiner_0\">                  <div class=\"image_browser_image_buttons_0\">                                        <div class=\"bwg_image_browser_image_0\">                                              <a style=\"position:relative;\"  class=\"bwg_lightbox_0\" data-image-id=\"2\">                          <img class=\"bwg_image_browser_img_0\" src=\"https:\/\/www.scottacime.cz\/wp-content\/uploads\/photo-gallery\/imported_from_media_libray\/\/lagazuoi.jpg\" alt=\"lagazuoi\" \/>                        <\/a>                                            <script>                      function bwg_image_browser_0() {                        jQuery('#bwg_embed_frame_16x9_0').width(jQuery('#bwg_embed_frame_16x9_0').parent().width());                        jQuery('#bwg_embed_frame_16x9_0').height(jQuery('#bwg_embed_frame_16x9_0').width() * 0.5625);                        jQuery('#bwg_embed_frame_instapost_0').width(jQuery('#bwg_embed_frame_16x9_0').parent().width());                        \/* 16 is 2*padding inside iframe *\/                        \/* 96 is 2*padding(top) + 1*padding(bottom) + 40(footer) + 32(header) *\/                        jQuery('.bwg_embed_frame_instapost_0').height((jQuery('.bwg_embed_frame_instapost_0').width() - 16) * jQuery('.bwg_embed_frame_instapost_0').attr('data-height') \/ jQuery('.bwg_embed_frame_instapost_0').attr('data-width') + 96);                        var bwg_image_browser_width = jQuery('.image_browser_images_0').width();                        if (bwg_image_browser_width <= 108) {                          jQuery('.paging-input_0').css('display', 'none');                        }                        else if (bwg_image_browser_width <= 200) {                          jQuery('.paging-input_0').css('margin', '0% 0% 0% 0%');                          jQuery('.paging-input_0').css('display', 'inline');                          jQuery('.tablenav-pages_0 .next-page').css('margin', '0% 0% 0% 0%');                          jQuery('.tablenav-pages_0 .prev-page').css('margin', '0% 0% 0% 0%');                        }                        else if (bwg_image_browser_width <= 580) {                          jQuery('.paging-input_0').css('display', 'inline');                          jQuery('.tablenav-pages_0 a').css('font-size', '13px');                          jQuery('.paging-input_0').css('margin', '0% 7% 0% 7%');                          jQuery('.tablenav-pages_0 .next-page').css('margin', '0% 0% 0% 0%');                          jQuery('.tablenav-pages_0 .prev-page').css('margin', '0% 0% 0% 0%');                        }                        else {                          jQuery('.tablenav-pages_0 a').css('font-size', '15px');                          jQuery('.paging-input_0').css('margin', '0%  14% 0%  14%');                          jQuery('.paging-input_0').css('display', 'inline');                          jQuery('.tablenav-pages_0 .next-page').css('margin', '0% 0% 0% 0%');                          jQuery('.tablenav-pages_0 .prev-page').css('margin', '0% 0% 0% 0%');                        }                      }                      setTimeout(function() {                        bwg_image_browser_0();                      }, 3);                      <\/script>                    <\/div>                                        <\/div>                <\/div>                    <span class=\"bwg_nav_cont_0\">        <div class=\"tablenav-pages_0\">            <span class=\"pagination-links_0\">        <a class=\"first-page disabled\" title=\"P\u0159ej\u00edt na prvn\u00ed str\u00e1nku\">\u00ab<\/a>        <a class=\"prev-page disabled\" title=\"P\u0159ej\u00edt na p\u0159edchoz\u00ed str\u00e1nku\" >\u2039<\/a>        <span class=\"paging-input_0\">          <span class=\"total-pages_0\">1<\/span> z <span class=\"total-pages_0\">            2          <\/span>        <\/span>        <a class=\"next-page-0\" title=\"P\u0159ejd\u011bte na dal\u0161\u00ed str\u00e1nku\" href=\"\/index.php?rest_route=%2Fwp%2Fv2%2Fposts%2F231&#038;page_number_0=2\">\u203a<\/a>        <a class=\"last-page-0\" title=\"P\u0159ej\u00edt na posledn\u00ed str\u00e1nku\">\u00bb<\/a>      <\/span>          <\/div>          <input type=\"hidden\" id=\"page_number_0\" name=\"page_number_0\" value=\"1\" \/>    <script type=\"text\/javascript\">      function spider_page_0(cur, x, y, load_more) {        if (typeof load_more == \"undefined\") {          var load_more = false;        }        if (jQuery(cur).hasClass('disabled')) {          return false;        }        var items_county_0 = 2;        switch (y) {          case 1:            if (x >= items_county_0) {              document.getElementById('page_number_0').value = items_county_0;            }            else {              document.getElementById('page_number_0').value = x + 1;            }            break;          case 2:            document.getElementById('page_number_0').value = items_county_0;            break;          case -1:            if (x == 1) {              document.getElementById('page_number_0').value = 1;            }            else {              document.getElementById('page_number_0').value = x - 1;            }            break;          case -2:            document.getElementById('page_number_0').value = 1;            break;          default:            document.getElementById('page_number_0').value = 1;        }        spider_frontend_ajax('gal_front_form_0', '0', 'bwg_standart_thumbnails_0', '0', '', 'album', 0, '', '', load_more);      }      jQuery('.first-page disabled').on('click', function() {        spider_page_0(this, 1, -2);      });      jQuery('.prev-page disabled').on('click', function() {        spider_page_0(this, 1, -1);        return false;      });      jQuery('.next-page-0').on('click', function() {        spider_page_0(this, 1, 1);        return false;      });      jQuery('.last-page-0').on('click', function() {        spider_page_0(this, 1, 2);      });      jQuery('.bwg_load_btn_0').on('click', function() {        spider_page_0(this, 1, 1, true);        return false;      });    <\/script>    <\/span>                <\/div>          <\/div>        <\/form>        <div id=\"bwg_spider_popup_loading_0\" class=\"bwg_spider_popup_loading\"><\/div>        <div id=\"spider_popup_overlay_0\" class=\"spider_popup_overlay\" onclick=\"spider_destroypopup(1000)\"><\/div>      <\/div>    <\/div>    <script>      jQuery(window).load(function () {              });      jQuery(window).resize(function() {        bwg_image_browser_0();      });      function bwg_gallery_box_0(image_id) {        var filtersearchname = jQuery(\"#bwg_search_input_0\" ).val() ? \"&filter_search_name_0=\" + jQuery(\"#bwg_search_input_0\" ).val() : '';        spider_createpopup('https:\/\/www.scottacime.cz\/wp-admin\/admin-ajax.php?action=GalleryBox&current_view=0&gallery_id=1&theme_id=1&open_with_fullscreen=0&open_with_autoplay=0&image_width=800&image_height=500&image_effect=fade&wd_sor=order&wd_ord=asc&enable_image_filmstrip=0&image_filmstrip_height=70&enable_image_ctrl_btn=1&enable_image_fullscreen=1&popup_enable_info=1&popup_info_always_show=0&popup_info_full_width=0&popup_hit_counter=0&popup_enable_rate=0&slideshow_interval=5&enable_comment_social=1&enable_image_facebook=1&enable_image_twitter=1&enable_image_google=1&enable_image_pinterest=0&enable_image_tumblr=0&watermark_type=none&slideshow_effect_duration=1&tags=0&watermark_font&watermark_color&watermark_font_size&watermark_opacity&watermark_width&image_id=2&image_id=' + image_id + filtersearchname, '0', '800', '500', 1, 'testpopup', 5, \"bottom\");      }      function bwg_document_ready_0() {        var bwg_touch_flag = false;        jQuery(\".bwg_lightbox_0\").on(\"click\", function () {          if (!bwg_touch_flag) {            bwg_touch_flag = true;            setTimeout(function(){ bwg_touch_flag = false; }, 100);            bwg_gallery_box_0(jQuery(this).attr(\"data-image-id\"));            return false;          }        });      }      jQuery(document).ready(function () {        bwg_document_ready_0();      });    <\/script>    <br \/>\n<em>P\u00e1tek p\u0159ed odjezdem, tady jsme m\u011bli sp\u00e1t v \u00fater\u00fd<\/em><\/p>\n<p>Vyr\u00e1\u017e\u00edme v ned\u011bli p\u0159ed ob\u011bdem sm\u011br Toblach. Cesta notoricky zn\u00e1m\u00e1, jen n\u00e1s zar\u00e1\u017e\u00ed, \u017ee jsme je\u0161t\u011b ve 4 hodiny st\u00e1le v \u010cech\u00e1ch. To m\u00e1te kaf\u00ed\u010dko, ob\u00eddek, dort\u00ed\u010dek&#8230; Na\u0161t\u011bst\u00ed nen\u00ed kam sp\u011bchat a do Toblachu p\u0159ij\u00ed\u017ed\u00edme kolem osm\u00e9 hodiny. Nach\u00e1z\u00edme vhodn\u00e9 ubytov\u00e1n\u00ed v nedalek\u00e9 vesnici Villabassa, pove\u010de\u0159\u00edme a prob\u00edh\u00e1 posledn\u00ed balen\u00ed. Co si nezabal\u00edme s sebou na z\u00e1da, nebudeme m\u00edt cel\u00fdch p\u011bt dn\u016f k dispozici. Na druhou stranu ka\u017ed\u00e1 v\u011bc nav\u00edc se zbyte\u010dn\u011b pronese. P\u0159edstavivost pracuje naplno a zva\u017euje v\u0161echny varianty, kter\u00e9 m\u016f\u017eou nastat.<\/p>\n<p>FOTO<br \/>\nLev\u00fd sloupec &#8211; v tom b\u011b\u017e\u00edm. Do batohu pertexov\u00fd kalhoty, windstoperov\u00e1 scott v\u011btrovka, tepl\u00fd pono\u017eky do chaty, to m\u00e1l\u00fd \u010dernozelen\u00fd je ru\u010dn\u00edk, vedle vak na span\u00ed, 2 trika na p\u0159evl\u00edknut\u00ed, dlouh\u00fd elas\u0165\u00e1ky, kompresky, brufen, br\u00fdle na \u010dten\u00ed, n\u00e1plasti, kapesn\u00edky, pl\u00e1\u0161t\u011bnka pon\u010do, \u0161\u00e1tek Inov8, b\u00edl\u00e1 led blika\u010dka, batoh z Dekatlonu. celkem 2,7 kg bez 0,5 litru vody<br \/>\n<strong>Den 1 &#8211; pond\u011bl\u00ed &#8211; 13 km<\/strong><br \/>\nPot\u011b\u0161uj\u00edc\u00ed zpr\u00e1va je, \u017ea autobus k jezeru Lago di Braies (1500mnm) n\u00e1m jede asi 100 metr\u016f od penzionu. Po sn\u00eddani se domlouv\u00e1me s recep\u010dn\u00edm, kter\u00e9ho jsme si pro jeho bezpohlavnost pojmenovali IT, \u017ee si do p\u00e1tku auto m\u016f\u017eeme nechat za domem. Tak skv\u011bl\u00fd, te\u010f je\u0161t\u011b, abysme se tady v p\u00e1tek se\u0161li zdrav\u00ed a \u017eiv\u00ed.<\/p>\n<p>FOTO<br \/>\nStart a prvn\u00ed stoup\u00e1n\u00ed v pozad\u00ed &#8211; to sedlo je pouze na rozeh\u0159\u00e1t\u00ed<\/p>\n<p>Sed\u00e1me do autobusu a za 2 Eura jedeme asi 20 minut k jezeru. Nev\u00edme co n\u00e1s \u010dek\u00e1, ale stra\u0161n\u011b se t\u011b\u0161\u00edme. Fot\u00edme se u jezera, nad\u0161en\u00fd prvn\u00ed konfrontac\u00ed s kopcema. (Ne \u017ee bysme v \u017eivot\u011b nebyli v hor\u00e1ch, kolem Gardy taky nen\u00ed zrovna placka, ale te\u010f je pohled takov\u00fd jin\u00fd, te\u010f pob\u011b\u017e\u00edme p\u011bt dn\u016f s plnou poln\u00ed na z\u00e1dech). Z radosti je\u0161t\u011b vyu\u017e\u00edv\u00e1me posledn\u00ed kadibudku p\u0159ed v\u00fdb\u011bhem do hor. Je\u0161t\u011b kr\u00e1tk\u00fd rovinat\u00fd kil\u00e1\u010dek kolem jezera a za\u010d\u00edn\u00e1 prvn\u00ed stoup\u00e1n\u00ed.<br \/>\nA je po b\u011bhu. To to dlouho netrvalo. Dupeme do prudk\u00fdho kopce, slun\u00ed\u010dko do n\u00e1s pere a my pohledem nahoru zji\u0161\u0165ujeme, jak vysoko je asi to sedlo, kam se m\u00e1me dostat. Znovu objevuju kouzlo nekone\u010dn\u00fdch horizont\u016f. U\u017e si \u0159\u00edk\u00e1te, \u017ee tam jste, ale v\u017edycky se objev\u00ed nov\u00e9 sedlo, nov\u00e1 rokle nebo dal\u0161\u00ed kamenn\u00e9 pole, kter\u00e9 je pot\u0159eba p\u0159ekonat. Taky hned na za\u010d\u00e1tku pozn\u00e1v\u00e1me, \u017ee vz\u00edt mapy byl sakra dobr\u00fd n\u00e1pad (Zdendo d\u00edky). Alta Via je sice vyhl\u00e1\u0161en\u00e1, dost \u010dasto se ale maskuje za cesty s vy\u0161\u0161\u00edmi \u010d\u00edsly zna\u010dek. Po nekone\u010dn\u00e9m stoup\u00e1n\u00ed, ob\u010dasn\u00e9m b\u011bhu a v\u011bt\u0161inov\u00e9 ch\u016fzi nakonec staneme v sedle (2400mnm) pod Seekopfelem a sch\u00e1z\u00edme na Rif.Biella. Tady se d\u00e1v\u00e1me op\u011bt dohromady a Ondra n\u00e1m oznamuje, \u017ee jestli to takhle bude po\u0159\u00e1d, tak z\u00edtra sch\u00e1z\u00ed do \u00fadol\u00ed a po\u010dk\u00e1 na n\u00e1s n\u011bkde v hotelu. Neboj, to se podd\u00e1.<br \/>\nCesta se srovn\u00e1v\u00e1 o kone\u010dn\u011b m\u016f\u017eeme za\u017e\u00edt b\u011bh mezi kopcema. Sb\u00edh\u00e1me na dal\u0161\u00ed Rifugio a Zdenda vel\u00ed k ob\u010derstven\u00ed. Koneckonc\u016f je dneska jen takov\u00e1 zah\u0159\u00edvac\u00ed etapa. Sed\u00e1me na terasu a d\u00e1v\u00e1me \u010daje \u010di piva. N\u00e1sleduje dal\u0161\u00ed seb\u011bh a asi za p\u016fl hodiny dob\u00edhame do c\u00edle dne\u0161n\u00ed trasy Rif. Fodara Vedla. Jsou asi dv\u011b hodiny odpoledne. Ubytov\u00e1v\u00e1me se ve \u010dty\u0159l\u016f\u017ekov\u00fdm pokoji se sprchou, nejv\u011bt\u0161\u00ed luxus v tomhle t\u00fddnu. Jsou tu i pe\u0159iny, tak\u017ee zat\u00edm dobr\u00fd i pro m\u011b. Chata stoj\u00ed na malebn\u00fd zelen\u00fd louce, obklopen\u00e1 je spoustou d\u0159ev\u011bn\u00fdch staveb, d\u0159\u00edve asi sen\u00edky a st\u00e1je. Vypad\u00e1 to jako z P\u00e1na prsten\u016f. Odpoledne je dlouh\u00e9, p\u00edt\u00ed leze do pen\u011bz a tak zevrubn\u011b prozkoum\u00e1v\u00e1me okoln\u00ed jeskyn\u011b, stavby, vodop\u00e1dy, turisty, turistky a v\u0161e, co stoj\u00ed za trochu pozornosti. Ve\u010der u\u017e z nedostatku podn\u011bt\u016f p\u0159ich\u00e1z\u00ed \u0159ada i na hru M\u011bsto, mo\u0159e,&#8230; Kdy\u017e poznamen\u00e1m, \u017ee m\u00e1me jen jednu tu\u017eku, upravujeme hru na vyjmenov\u00e1n\u00ed aspo\u0148 t\u0159\u00ed druh\u016f alkoholu od ka\u017ed\u00fdho p\u00edsmene abecedy. Jde n\u00e1m to celkem od ruky. V noci sp\u00edme jako v bavlnce.<\/p>\n<p>FOTO<br \/>\nTady sp\u00edme prvn\u00ed noc<\/p>\n<p><strong>Den 2 &#8211; \u00fater\u00fd &#8211; 23 km, 6 hodin<\/strong><br \/>\nR\u00e1no sv\u00edt\u00ed slun\u00ed\u010dko a tak v dobr\u00e9 n\u00e1lad\u011b sn\u00edd\u00e1me (dom\u00e1c\u00ed na hostech \u0161et\u0159\u00ed a tak \u0161unku a s\u00fdr p\u0159in\u00e1\u0161ej\u00ed a\u017e v moment\u011b, kdy jsme spo\u0159\u00e1dali celou o\u0161atku d\u017eem\u016f, medu a nutely). Spousta \u010daje a kafe, do bidonu nab\u00edr\u00e1m vodu z kohoutku, kdy\u017etak budu dopl\u0148ovat z potok\u016f.<\/p>\n<p>FOTO<br \/>\nzleva j\u00e1, Pe\u0165a, Ondra, Zdenda<\/p>\n<p>FOTO<br \/>\nZdendo, chytni se za praporky&#8230; Co\u017ee?<\/p>\n<p>Trasa za\u010d\u00edn\u00e1 dlouuuh\u00fdm seb\u011bhem po z\u00e1sobovac\u00ed kamenit\u00e9 cest\u011b. Je to cesta jako z nebes do civilizace. Zat\u00e1\u010dka za zat\u00e1\u010dkou za\u0159\u00edznut\u00e1 v prudk\u00fdm svahu. Sb\u00edh\u00e1me na obrovskou louku, kde se ocit\u00e1me uprost\u0159ed turistick\u00fdho ruchu. Doslova. Velk\u00fd hotel, spousta aut, davy lid\u00ed. Vyu\u017e\u00edv\u00e1me sign\u00e1lu na mobilech, vy\u0159izujeme nejnutn\u011bj\u0161\u00ed pozdravy a vb\u00edh\u00e1me zp\u00e1tky do divo\u010diny. Op\u011bt nekone\u010dn\u00e9 stoup\u00e1n\u00ed, prolo\u017een\u00e9 ob\u010dasn\u00fdm rovinat\u00fdm \u00fasekem nebo kr\u00e1tk\u00fdm seb\u011bhem, ob\u010das nejak\u00e1 louka, ale sp\u00ed\u0161 jen kameny a prach. P\u00e1l\u00ed slunce a je opravdu horko. Ale dneska je to v\u00edc o b\u011bhu. Je\u0161t\u011b vystoup\u00e1me nad Rif. Fanes a nast\u00e1v\u00e1 t\u0159e\u0161ni\u010dka na dortu. Kr\u00e1sn\u00e9 \u00fadol\u00ed, z obou stran obklopen\u00e9 \u0161pi\u010dat\u00fdmi vrcholy. Cesta m\u00edrn\u011b stoup\u00e1 a potom kles\u00e1 uprost\u0159ed horsk\u00fdch luk. Na horizontu se pasou kon\u011b. \u010cek\u00e1m na Pe\u0165u, ne\u017e si p\u0159elep\u00ed patu, a vid\u00edm, jak jde Zdenda k jednomu z kon\u00ed a krm\u00ed ho. Vznik\u00e1 kr\u00e1sn\u00e1 fotka. O n\u011bco pozd\u011bji: &#8222;Zdendo, cos mu d\u00e1val?&#8220; &#8222;Tabletu Enervitu&#8220;.<\/p>\n<p>FOTO Jeden z nejhez\u010d\u00edch \u00fasek\u016f..<\/p>\n<p>FOTO Zdenda krm\u00ed kon\u011b, do toho sedla vlevo naho\u0159e n\u00e1sledn\u011b b\u011b\u017e\u00edme<\/p>\n<p>FOTO Skon\u010dil prudk\u00fdm stoup\u00e1kem<br \/>\nIdyla kon\u010d\u00ed a za\u010d\u00edn\u00e1me prudce stoupat. P\u0159ich\u00e1z\u00ed prvn\u00ed sn\u011bhov\u00e9 pole, hypnotizujeme sedlo v d\u00e1lce, posazen\u00e9 mezi dva ostr\u00e9 \u0161t\u00edty. Za n\u00edm Zdenda o\u010dek\u00e1v\u00e1 chatu, ale n\u011bco mi \u0159\u00edk\u00e1, \u017ee na takhle divok\u00fdch m\u00edstech chaty nejsou. P\u0159il\u00e9z\u00e1me do sedla a hlavy prudce klop\u00edme dol\u016f. &#8222;Ten modr\u00fd flek dole je jezero?&#8220; &#8222;Jo&#8220; &#8222;Tak douf\u00e1m, \u017ee je pitn\u00fd&#8220;. Slunce pe\u010de, u\u017e jsme dost na suchu a voda tak 500 v\u00fd\u0161kov\u00fdch metr\u016f pod n\u00e1mi. Je\u0161t\u011b lep\u0161\u00ed je pohled naproti, kde se jako orl\u00ed hn\u00edzdo tetel\u00ed Rifugio Lagazuoi, n\u00e1\u0161 dne\u0161n\u00ed c\u00edl. Jen zb\u00fdv\u00e1 seb\u011bhnout tu kamenitou p\u011b\u0161inu, co se vine jako had zleva doprava a zprava doleva, zvysoka minout to jezero (tak\u017ee vodu nedopl\u0148ujeme), po sp\u00e1dnici vystoupat ke sn\u011bhov\u00fdm pol\u00edm a pak se tak hodinu a p\u016fl brodit vy\u0161lapan\u00fdm sn\u011bhem do kopce, kter\u00fd je s ka\u017ed\u00fdm krokem prud\u0161\u00ed. Aspo\u0148, \u017ee jsme mohli na okraji sn\u011bhu natankovat na\u0161e bidony. A je n\u00e1m \u00fapln\u011b jedno, jestli je ta voda pitn\u00e1 nebo nen\u00ed.<\/p>\n<p>FOTO Jezero pod n\u00e1ma, naho\u0159e na kopci chata&#8230;<\/p>\n<p>FOTO Stoupa\u010dka na Lagazuoi<\/p>\n<p>FOTO Vpravo naho\u0159e Lagazuoi<\/p>\n<p>FOTO Ku&#8230;&#8230;k\u00fd stoup\u00e1n\u00ed<\/p>\n<p>Nakonec cel\u00ed \u0161\u0165astn\u00ed vystoup\u00e1me na terasu chaty. Tam, kde je\u0161t\u011b v p\u00e1tek le\u017eelo mraky sn\u011bhu, je te\u010f spousta turist\u016f, kter\u00fd sem z druh\u00e9 strany vyjeli lanovkou. Sed\u00e1me do hospody, d\u00e1v\u00e1me si pol\u00edvku, \u010daje a rum. &#8222;Prego, uno tee con limone con rum&#8220;. Tak zn\u00ed nej\u010dast\u011bj\u0161\u00ed fr\u00e1ze b\u011b\u017ec\u016f v It\u00e1lii. Ubytov\u00e1v\u00e1me se na jednom z dvan\u00e1ctil\u016f\u017e\u00e1k\u016f, kupujeme \u017eetony do sprchy za 3 Eura, d\u00e1v\u00e1me l\u00e1ze\u0148 a pereme na\u0161e b\u011bhac\u00ed svr\u0161ky. Venku fouk\u00e1 studen\u00fd v\u00edtr a p\u00e9\u0159ovka mi p\u0159ijde jako ide\u00e1ln\u00ed oble\u010den\u00ed. Na rozd\u00edl od spac\u00e1ku jsem si ji vzal (170gr). Zbytek dne tr\u00e1v\u00edme v hospod\u011b s t\u00edm nej\u00fa\u017easn\u011bj\u0161\u00edm v\u00fdhledem na sv\u011bt\u011b. A\u0165 se kouknete kamkoliv, v\u0161ude na v\u00e1s vykukuj\u00ed n\u00e1dhern\u00fd kopce. Op\u011bt se projevuje jedna slabina t\u011bchto v\u00fdlet\u016f &#8211; spousta voln\u00fdho \u010dasu po dob\u011bhu. A tak vznik\u00e1 h\u00e1dka po m\u00e9m dotazu, kolik to je vzdu\u0161nou \u010darou k tomu k\u0159\u00ed\u017ei t\u00e1mhle na sk\u00e1le. Potom \u0159e\u0161\u00edme, jestli ty pracovn\u00edci, kter\u00fd d\u011blaj\u00ed pod chatou cestu z kl\u00e1d a kamen\u00ed, jezd\u00ed ze zdola lanovkou nebo jestli to jsou trpasl\u00edci, kter\u00fd tu bydlej ve skal\u00e1ch a pom\u00e1haj\u00ed m\u00edstn\u00edmi chata\u0159i. (Z\u0159ejm\u011b si vybral kouzlo na dal\u0161\u00edch sto let). Kupodivu n\u00e1m to u piva vydr\u017e\u00ed docela dlouho. Zdenda zkou\u0161\u00ed, jak velk\u00fd z\u00e1soby rumu chata m\u00e1 a st\u00e1v\u00e1 se v\u00edt\u011bzem ve\u010dera.<br \/>\nM\u00e1me zaplacenou polopenzi a rozhodn\u011b netrp\u00edme hlady, jako p\u0159edkrm \u0161pagety nebo pol\u00e9vka, potom ka\u0161e s dv\u011bma druhy masa a nakonec mou\u010dn\u00edk. K tomu si d\u00e1v\u00e1me p\u00e1r piv a v 10 to tu kupodivu zav\u00edraj\u00ed. Aby taky ne, r\u00e1no od sedmi sn\u00eddan\u011b, pak v\u0161ichni turisti odejdou a je pot\u0159eba se p\u0159ipravit na dal\u0161\u00ed v\u00e1rku, kter\u00e1 p\u0159\u00edjde odpoledne. Dokonale funguj\u00edc\u00ed stroj.<br \/>\nKupodivu jedin\u00fd, kdo chr\u00e1pe na velk\u00e9m pokoji je Zdenda. Lituju, \u017ee nem\u00e1m \u0161punty a tak us\u00edn\u00e1m jen na p\u00e1r hodin. Tahle noc nic moc. Ale pe\u0159ina byla, i kdy\u017e s povinnost\u00ed m\u00edt n\u011bjak\u00fd vak. Tak\u017ee vytahuju hedv\u00e1b\u00ed a jsem cajk.<\/p>\n<p><strong>Den 3 &#8211; st\u0159eda &#8211; 14 km, 4 hodiny<\/strong><\/p>\n<p>FOTO R\u00e1no p\u0159ed v\u00fdb\u011bhem<br \/>\nBohat\u011b sn\u00edd\u00e1me a pomalu se vypravujeme. V\u0161ichni u\u017e jsou skoro pry\u010d, ale my nem\u00e1me kam posp\u00edchat. \u010cek\u00e1 n\u00e1s jen p\u0159esun na prot\u011bj\u0161\u00ed h\u0159eben p\u0159es Passo Falzarego. Rann\u00ed foto na terase. Po\u010das\u00ed nevypad\u00e1 nic moc. Je zata\u017eeno, na odpoledne hl\u00e1s\u00ed bou\u0159ky. Ale to u\u017e bysme m\u011bli b\u00fdt v teple.<\/p>\n<p>FOTO Seb\u011bh z Lagazuoi<br \/>\nZa\u010d\u00edn\u00e1me seb\u011bhem op\u011bt ve sn\u011bhu. Neubr\u00e1n\u00edte se tomu, aby v\u00e1m sn\u00edh napadal do boty, tak\u017ee jsou op\u011bt hned mokr\u00fd. Ale osv\u011bd\u010dilo se mi vazel\u00ednovat nohy a tak mi to nevad\u00ed. \u010casem se dostaneme na cesti\u010dky a prudce sb\u00edh\u00e1me dol\u016f do sedla.<br \/>\n&#8222;Hele, bobr&#8220;, za\u0159ve Pe\u0165a na jedn\u00fd odlehl\u00fd louce. Evidentn\u011b se na n\u011bm podepsala sexu\u00e1ln\u00ed abstinence, co\u017e mu my i ten svi\u0161\u0165 odpou\u0161t\u00edme. Nicm\u00e9n\u011b se to ujme a u\u017e jim jinak ne\u0159ekneme.<\/p>\n<p>Naproti Cinque Torri, v mlze Nuvolao<\/p>\n<p>Stoup\u00e1me na Nuvolao<br \/>\nV sedle se stavujeme na kaf\u00ed\u010dko u doln\u00ed stanice lanovky, kter\u00e1 vede na Cinque Torri. Samoz\u0159ejm\u011b pohrd\u00e1me cestou na seda\u010dce a po krat\u0161\u00ed p\u0159est\u00e1vce vyb\u00edh\u00e1me do kopce. P\u011b\u0161ina v lese nejd\u0159\u00edv dost stoup\u00e1, potom se kopec m\u00edrn\u00ed a d\u00e1 se kr\u00e1sn\u011b b\u011b\u017eet. Cesta m\u011b moc bav\u00ed, je \u00fa\u017easn\u00e1. Napojujeme se na zna\u010den\u00ed NorthFace f\u00e1borkama, z\u0159ejm\u011b tu po\u0159\u00e1daj\u00ed n\u011bjak\u00fd ultra b\u011bh (Lavaredo). Cesta se op\u011bt zved\u00e1 a dor\u00e1\u017e\u00edme do sedla pod Averau. Po\u010das\u00ed se hor\u0161\u00ed, vypad\u00e1 to na slu\u0161nej lijavec. Mo\u017en\u00e1 dojde i na m\u016fj igelitovej gor\u00e1\u010d. Ve studen\u00fdm v\u011btru stoup\u00e1me posledn\u00ed skalnat\u00fd \u00fasek a za\u010d\u00edn\u00e1 pr\u0161et. V mlze dor\u00e1\u017e\u00edme na vrchol, Rif. Nuvolao (2600mnm). Vch\u00e1z\u00edme do mal\u00e9 chodby a sund\u00e1v\u00e1me ze sebe mokr\u00fd svr\u0161ky. D\u00fdchne na n\u00e1s klid a pohoda mal\u00e9 kamenn\u00e9 chaty.<br \/>\nChatu tvo\u0159\u00ed mal\u00fd bar, mal\u00e1 kuchy\u0148, mal\u00e1 restaurace, mal\u00e9 pokoje v podkrov\u00ed se dv\u011bma mal\u00fdma palandama, mal\u00e1 pan\u00ed dom\u00e1c\u00ed, serv\u00edrka s mal\u00fdma a kdy\u017e dost\u00e1v\u00e1me druh\u00fd den \u00fa\u010det, nen\u00ed z kasy. Mal\u00e1 dom\u016f. Ale ze v\u0161ech dosavadn\u00edch chat se tady c\u00edt\u00edm nejl\u00edp. Sprcha tu nen\u00ed, to by bylo pl\u00fdtv\u00e1n\u00ed vodou. Pro v\u0161echny jen jeden malej z\u00e1chod s um\u00fdvadlem. Anebo turek venku. Ale to m\u00edsto je naprosto fascinuj\u00edc\u00ed. Nave\u010der d\u00e9\u0161t p\u0159estane a mraky se rozestoup\u00ed. Naproti vid\u00edme Lagazuoi, odkud jsme r\u00e1no vyb\u00edhali, dole pod n\u00e1ma se klikat\u00ed silnice na Passo Giau, kter\u00fd zn\u00e1me z Gira. Vzadu obrovsk\u00fd masiv Marmolady, na druhou stranu k\u00fd\u010dovit\u00fd Cinque Torri. Jenom je hrozn\u00e1 zima, tak\u017ee rad\u0161i zal\u00e9z\u00e1me dovnit\u0159 a d\u00e1v\u00e1m uno litro vino rosso. A je\u0161t\u011b dvojku navrch. Merlot la casa.<\/p>\n<p><strong>Den 4 &#8211; \u010dtvrtek &#8211; 32 km, 8 hodin, nastoup\u00e1no 1690m &#8211; kr\u00e1lovsk\u00e1 etapa<\/strong><br \/>\nR\u00e1no v osm sn\u00eddan\u011b, pomalu bal\u00edme a p\u0159ipravujeme se na v\u00fdb\u011bh. Jako v\u017edy u\u017e jsou skoro v\u0161ichni p\u011b\u0161\u00e1ci pry\u010d, jen v\u00fdprava t\u0159\u00ed holek (jedna celkem hezk\u00e1 Italka jako pr\u016fvodkyn\u011b dvou celkem nesympatick\u00fdch N\u011bmek) vyr\u00e1\u017e\u00ed t\u011bsn\u011b p\u0159ed n\u00e1mi. Pan\u00ed dom\u00e1c\u00ed (vit\u00e1ln\u00ed d\u00e1ma k sedmdes\u00e1tce) se pt\u00e1, kam b\u011b\u017e\u00edme. Kdy\u017e \u0159\u00edk\u00e1me, \u017ee na Rif. Tissi, uznale pok\u00fdve a \u0159\u00edk\u00e1 n\u00e1m, \u017ee m\u00e1me pozdravovat Waltera, m\u00edstn\u00edho chata\u0159e.<br \/>\nDomlouv\u00e1me se, \u017ee pro obohacen\u00ed zvol\u00edme variantu trasy, vedouc\u00ed p\u0159es ferraty. Prvn\u00ed za\u010d\u00edn\u00e1 50 metr\u016f za chatou a nar\u00e1\u017e\u00edme na n\u00ed na t\u0159i turistky v pln\u00e9 poln\u00ed se sed\u00e1kama a p\u0159ilbama. Pou\u0161t\u00ed n\u00e1s p\u0159ed sebe a tak jen v tenisk\u00e1ch a s pevn\u00fdm stiskem dlan\u011b \u0161plh\u00e1me po kraml\u00edch a ocelov\u00fdch lanech. Asi si mysl\u00ed n\u011bco o lehkov\u00e1\u017en\u00fdch frajerech, ale porad\u00ed n\u00e1m cestu p\u0159es sn\u011bhov\u00fd pole (zase budu za\u010dinat den v mokr\u00fdch botech). Dr\u017e\u00edme se jejich rad a kufrujeme ve sn\u011bhu. Kdy\u017e se kone\u010dne nasm\u011brujeme k m\u00edstu na hran\u011b plotny, kde je zlom a za\u010d\u00edn\u00e1 dal\u0161\u00ed ferrata, turistky zvolna p\u0159ich\u00e1zej\u00ed jinou trasou. No nic.<\/p>\n<p>FOTO<br \/>\nRif. Nuvolao<\/p>\n<p>FOTO<br \/>\nPrvn\u00ed ferrata pod chatou, foceno nave\u010der po dob\u011bhu.<br \/>\nFOTO<br \/>\nDruh\u00e1 ferrata<br \/>\nFOTO<br \/>\nDruh\u00e1 ferrata<br \/>\nFOTO<br \/>\nSeb\u011bh na Passo Giau, naho\u0159e Nuvolao<br \/>\nFOTO<br \/>\nKr\u00e1sn\u00fd \u00fasek za Passo Giau<br \/>\nFOTO<br \/>\nTaky&#8230;<br \/>\nHrneme se do ferraty, kter\u00e1 je moc hezk\u00e1 a kr\u00e1sn\u011b exponovan\u00e1. U\u017e\u00edv\u00e1me si to a fot\u00edme se v &#8222;t\u011b\u017ek\u00fdch&#8220; parti\u00edch. Samoz\u0159ejm\u011b je trochu zdr\u017eujeme, ale maj\u00ed s n\u00e1mi trp\u011blivost. Op\u011bt se rozb\u00edh\u00e1me a ne\u010dekan\u011b dlouho sb\u00edh\u00e1me na Passo Giau. Moc hezk\u00fd m\u00edsto. Odtud vede chvilku \u0161ir\u0161\u00ed cesta a pak za\u010d\u00edn\u00e1 op\u011bt jedna z nejkr\u00e1sn\u011bj\u0161\u00edch \u010d\u00e1st\u00ed b\u011bhu. P\u011b\u0161ina uprost\u0159ed luk a prudk\u00fdch svah\u016f. F\u00e1bory NorthFace ukazuj\u00ed, \u017ee si ji obl\u00edbili i po\u0159adatel\u00e9 Lavareda. M\u00edstama p\u011b\u0161ina k\u0159i\u017euje sesuvy hl\u00edny, kdy m\u00e1m pocit, \u017ee se mus\u00ed v\u0161echno ka\u017edou chv\u00edli utrhnout a j\u00e1 sjedu n\u011bkam do podh\u016f\u0159\u00ed. Kr\u00e1sn\u00e1 cesta, kter\u00e1 v\u00e1s nab\u00edj\u00ed. Dokonce i men\u0161\u00ed sn\u011bhov\u00fd pole, kter\u00fd mi nevad\u00ed. Po p\u00e1r kilometrech se cesta op\u011bt zved\u00e1. A hodn\u011b prudce. Ocit\u00e1me se na n\u00e1horn\u00ed plo\u0161in\u011b (jestli se tak d\u00e1 naz\u00fdvat zvln\u011bn\u00e1 krajina), kde nen\u00ed ani \u017eiv\u00e1\u010dka, jen skalky a potoky, mezi kter\u00fdma prob\u00edh\u00e1me. A ta svin\u011b bobr, kterej na m\u011b ne\u010dekan\u011b za skalou p\u00edsknul tak, \u017ee m\u011b m\u00e1lem kleplo.<br \/>\nFOTO<br \/>\nHic sunt bob\u0159i<br \/>\nDal\u0161\u00ed kopec, dal\u0161\u00ed traverzy, dal\u0161\u00ed seb\u011bhy. Dob\u00edh\u00e1me na Rif. Citta di Fiume. Spousta krav, spousta hoven, zima&#8230; M\u00e1me toho dost, dali bysme si n\u011bco na zub, ale jsem teprve v prvn\u00ed \u010d\u00e1si cesty a nav\u00edc to tu nen\u00ed moc sympatick\u00fd. Tak jen kupujeme vodu, proto\u017ee si netroufneme \u010derpat z m\u00edstn\u00edch zdroj\u016f. Zdenda nav\u00edc n\u011bkolik dn\u00ed pouze dol\u00e9val tu v sv\u00e9m vaku, v\u010detn\u011b ledovcov\u00fd, a dneska zjistil, \u017ee je n\u011bjak\u00e1 zelen\u00e1 a blb\u011b chutn\u00e1&#8230; Ach jo, n\u011bkdy je fakt jak malej.<br \/>\nFOTO<br \/>\nKrize u krav<br \/>\nPodle mapy (mapy l\u017eou) pob\u011b\u017e\u00edme d\u00e1l traverzem nad jedno sedlo a pak kr\u00e1tk\u00fd prudk\u00fd seb\u011bh do civilizace. Pak je\u0161t\u011b asi t\u0159in\u00e1ct??? na Tissi. Realita je takov\u00e1, \u017ee b\u011b\u017e\u00edme t\u011b\u017ek\u00fdm ter\u00e9nem pln\u00fdm kamen\u00ed a suti neust\u00e1le nahoru a dol\u016f. P\u0159\u00edjemn\u00e9 popob\u011bhnut\u00ed aby \u010dlov\u011bk pohledal. Pohrd\u00e1me ukazatelem n\u011bkam pod ty\u010d\u00edc\u00ed se \u0161t\u00edt, \u017ee tam uvid\u00edme dinosaury (p\u0159edpokl\u00e1d\u00e1me, \u017ee nalezi\u0161t\u011b, dinopark by ned\u011blali takhle z ruky) a sb\u00edh\u00e1me \u00fadajn\u00fdm kr\u00e1tk\u00fdm seb\u011bhem nekone\u010dn\u011b dlouhou a prudkou cestou na Pala Favera. Za\u010d\u00edn\u00e1 pr\u0161et. Jsem propocen\u00fd, je mi zima. C\u00edl v nedohlednu.<br \/>\nJsme v n\u011bjak\u00fdm mal\u00fdm ly\u017ea\u0159sk\u00fdm st\u0159edisku. Zal\u00e9z\u00e1me do restaurace, styl kachl\u00edk\u00e1rna, kde je hrozn\u00e1 zima. D\u00e1v\u00e1me \u010daje, pol\u00edvku, t\u011bstoviny a d\u00e1v\u00e1me se dohromady. Asi za hodinu p\u0159est\u00e1v\u00e1 pr\u0161et a otepluje se. Vyr\u00e1\u017e\u00edme. \u010cek\u00e1 n\u00e1s jedno dlouh\u00e9 stoup\u00e1n\u00ed a pak u\u017e jen takov\u00e1 lou\u010dka na Rif. Tissi (mapy l\u017eou).<br \/>\nZah\u0159\u00edv\u00e1m se a vrac\u00ed se mi dobr\u00e1 n\u00e1lada. Do kopce jdeme, ale docela si d\u00e1v\u00e1me do t\u011bla, tak z n\u00e1s za chv\u00edli kape pot. Sjezdovkou nahoru k n\u011bjak\u00e9 sala\u0161i, pak cesta odbo\u010duje na cesti\u010dku d\u00e1l do hor. Stoup\u00e1n\u00ed se zved\u00e1 a vrchol nikde. Dal\u0161\u00ed horizont, dal\u0161\u00ed, stoup\u00e1me 600 v\u00fd\u0161kov\u00fdch od sedla dole. Kone\u010dn\u011b se objevuje chata. M\u011blo by tu b\u00fdt jezero. \u017d\u00e1dn\u00e9 nevid\u00edme a cesta stoup\u00e1 d\u00e1l. Dal\u0161\u00ed horizont. Jsme naho\u0159e. D\u00e1l u\u017e jen louka a chata.<br \/>\nHovno. Ze sedla kouk\u00e1me pod sebe na jezero. Na n\u011bm na kraj\u00edch zamrzl\u00fd led. Koupa\u010dka fakt nebude. Dob\u0159e, louka k chat\u011b se odkl\u00e1d\u00e1, za jezerem je dal\u0161\u00ed horizont, dost vysok\u00fd. Zdenda se pt\u00e1, jestli na chat\u011b bude sprcha. &#8222;Zdendo ur\u010dit\u011b. Vid\u011bl jsem fotky, je to rifugio uprost\u0159ed louky n\u011bkde v \u00fadol\u00ed\u010dku, tam maj vody hafo.&#8220; Fotky l\u017eou. Ob\u00edh\u00e1me ledov\u00e9 jezero a nekone\u010dn\u011b stoup\u00e1me do dal\u0161\u00edho sedla s vidinou louky a chaty.<br \/>\nVyl\u00e9z\u00e1m nahoru jako prvn\u00ed a mus\u00edm se hlasit\u011b sm\u00e1t. P\u0159ed n\u00e1ma je ledov\u00fd pole a sedlo. Za\u010d\u00edn\u00e1 pr\u0161et a my ho p\u0159ekon\u00e1v\u00e1me s vidinou tepla na chat\u011b. Vyl\u00e9z\u00e1m do sedla jako prvn\u00ed a mus\u00edm se hlasit\u011b sm\u00e1t. P\u0159ed n\u00e1ma je nekone\u010dn\u00fd ledov\u00fd pole mixovan\u00e9 s kamen\u00edm a n\u011bkde v d\u00e1lce na tom nejvy\u0161\u0161\u00edm ostrohu ve v\u00fd\u0161ce na n\u00e1s kouk\u00e1 Rifugio Tissi. Pe\u0165a doraz\u00ed a pronese: &#8222;Rif\u016fd\u017eo, ty si d\u011bl\u00e1\u0161 prdel.&#8220; Bohu\u017eel ned\u011bl\u00e1. M\u00e1me toho dost, ale tam se mus\u00edme dostat. Sl\u00e9z\u00e1me sn\u011bhem mezi obrovsk\u00fdma balvanama. Nev\u00edme, kdy t\u00e1n\u00ed sn\u011bhu dos\u00e1hne toho bodu, kdy se ten dvoumetrov\u00fd balvan nad n\u00e1ma rozjede. \u0158\u00edk\u00e1m Pe\u0165ovi: &#8222;Taky ti doma \u0159\u00edkali, a\u0165 hlavn\u011b ned\u011bl\u00e1\u0161 nic nebezpe\u010dn\u00fdho?&#8220; N\u00e1lada je uvoln\u011bn\u00e1 a s \u00fanavou jsou vtipy veselej\u0161\u00ed a cesta po kotn\u00edky ve sn\u011bhu a kamen\u00ed rychle ub\u00edh\u00e1. Za chv\u00edli jsme zase na hl\u00edn\u011b a te\u010f u\u017e jen asi kilometr p\u0159\u00edmo do kopce k chat\u011b. Kone\u010dn\u011b jsme tady, m\u00e1me toho pln\u00fd kecky. Doslova i obrazn\u011b.<br \/>\nFOTO<br \/>\nZamrzl\u00fd jezero, za n\u00e1mi prvn\u00ed sedlo<br \/>\nFOTO<br \/>\nPrvn\u00ed horizont a sn\u011bhov\u00fd pole. Pohled zp\u011bt v de\u0161ti<br \/>\nFOTO<br \/>\nDruh\u00fd horizont, sn\u011bhovo-kamenn\u00fd pole, vpravo naho\u0159e na h\u0159ebeni ta te\u010dka je Tissi. Smutn\u00fd pohled, kdy\u017e u\u017e \u010dek\u00e1te tepl\u00fd \u010daj.<br \/>\nFasujeme \u010dty\u0159l\u016f\u017e\u00e1k, ten nejmen\u0161\u00ed, jak\u00fd jste kdy vid\u011bli. Dv\u011b palandy, mezi nima neprojdou dva lidi. Ale \u00fatulno. Deky op\u011bt ve v\u00fdbav\u011b, tak\u017ee m\u016fj vak se ukazuje jako dobr\u00e1 volba. Ale m\u011bl jsem nahn\u00e1no. Sprcha za 5 Eur na 5 minut, co po 2 minut\u00e1ch p\u0159est\u00e1v\u00e1 t\u00e9ct. Sm\u00fdv\u00e1me 2denn\u00ed pot, pereme b\u011bhac\u00ed svr\u0161ky a d\u00e1v\u00e1me su\u0161it ven na v\u00edtr a pak na chodbu ke kom\u00ednu (stejn\u011b neuschnou, ale zase von\u011bj).<br \/>\nP\u0159esouv\u00e1me se do restaurace, kde m\u00e1me ve\u010de\u0159i. Pop\u00edj\u00edme op\u011bt do zav\u00edra\u010dky a p\u0159esouv\u00e1me se ke sladk\u00e9mu sp\u00e1nku do kom\u016frky pro \u010dty\u0159i trpasl\u00edky. Jo a Waltera jsme pozdravovali a byl r\u00e1d.<\/p>\n<p><strong>Den 5 &#8211; \u010dtvrtek &#8211; 17 km, 3 hodiny, nastoup\u00e1no 727 m<\/strong><br \/>\nR\u00e1no je op\u011bt kr\u00e1sn\u00fd den. St\u0159\u00eddm\u011b sn\u00edd\u00e1me (ta melta, co d\u011blaj m\u00edsto kafe, je v\u00fdborn\u00e1), lezeme do mokr\u00fdch svr\u0161k\u016f a vyd\u00e1v\u00e1me se na na trasu. Z\u00e1v\u011bre\u010dn\u00e1 etapa na Passo Duran. Mus\u00edme chv\u00e1tat, proto\u017ee z Duranu nejede \u017e\u00e1dn\u00e1 doprava a my se mus\u00edme je\u0161t\u011b do ve\u010dera dostat k autu.<br \/>\nFOTO<br \/>\nKone\u010dn\u011b fotky v b\u011bhu<br \/>\nKrajina je moc hezk\u00e1, dol\u016f d\u00edra a kdesi pod n\u00e1mi jezero a m\u011bste\u010dko Allegh\u00e9, na druhou stranu majest\u00e1tn\u00fd masiv Civetta. Zelen\u00e1 krajina, p\u011b\u0161inka vyb\u00edz\u00ed ke b\u011bhu a tak kone\u010dn\u011b fot\u00edme taky fotky v akci. \u0160plh\u00e1me asi u\u017e do 256. sedla a dlouze sb\u00edh\u00e1me dol\u016f po \u0161otolinov\u00e9 cest\u011b. Potk\u00e1v\u00e1me i n\u011bjak\u00e9 b\u011b\u017ece a c\u00edt\u00edme na dosah cvilizaci. Dne\u0161n\u00ed etapa bude pohodovka. Na\u0161e cesta odbo\u010duje do n\u00e1ro\u010dn\u011bj\u0161\u00edho ter\u00e9nu a nast\u00e1v\u00e1 OPRAVDU PRUDK\u00dd v\u00fd\u0161lap do dal\u0161\u00edho sedla. Op\u011bt zidealizovan\u00e1 cesta (podle mapy) se st\u00e1le nerovn\u00e1 a n\u00e1sleduje mraky dal\u0161\u00edch v\u00fdb\u011bh\u016f, seb\u011bh\u016f a p\u0159echod\u016f p\u0159es kamenn\u00e1 pole. Nakonec p\u0159ib\u00edh\u00e1me k civilizaci, a sice Rif. Carestiato. Jsme cca 4km p\u0159ed c\u00edlem a Zdenda navrhuje zast\u00e1vku na \u010daj. Ondru za\u010dalo tr\u00e1pit koleno a dob\u00edh\u00e1 se zpo\u017ed\u011bn\u00edm. Demokraticky Zdendovi p\u0159est\u00e1vku zakazujeme a sb\u00edh\u00e1me na Passo Duran.<br \/>\nJsme v c\u00edli. Po p\u011bti dnech, necel\u00fdch 100 kilometrech a 6000 nastoupan\u00fdch metrech jsme v c\u00edli na\u0161i pouti. Jsme plni dojm\u016f a p\u0159edev\u0161\u00edm r\u00e1di a hrd\u00ed, \u017ee jsme to dok\u00e1zali. Je to n\u011bco, na co budeme cel\u00fd \u017eivot vzpom\u00ednat. J\u00e1 v\u00edm, \u017ee je to objem, kter\u00fd leckdo d\u00e1 za jeden den v r\u00e1mci jednoho z\u00e1vodu. Ale o tom to nen\u00ed. My jsme se sem vypravili proto, abychom TO za\u017eili. Abysme p\u011bt dn\u016f str\u00e1vili v hor\u00e1ch, \u00fapln\u011b odpoutan\u00ed od ka\u017edodenn\u00edch starost\u00ed a u\u017e\u00edvali si jen ty hory a b\u011bh. Aby n\u00e1m nic nekalilo na\u0161i radost. Prvn\u00ed den nebo dva jsme um\u00edrali, jak jsme nebyli zvykl\u00ed na nadmo\u0159skou v\u00fd\u0161ku. To se rychle srovnalo a nohy a pl\u00edce se rozeb\u011bhly. Za\u017eili jsem spoustu srandy, pod\u011blili jsme se o z\u00e1\u017eitky a situace, kter\u00fd jinde neza\u017eijeme. A te\u010f si m\u016f\u017eeme \u0159\u00edct: &#8222;Ty vole, Alta Viu ub\u011bhne ka\u017edej debil&#8220; \ud83d\ude42 (Kdo nech\u00e1pe, p\u0159e\u010dt\u011bte si Silvu) A j\u00e1 V\u00e1m za to, kluci moji, d\u011bkuju.<br \/>\nFOTO<br \/>\nC\u00ed\u00ed\u00ed\u00ed\u00edl. Kluci samou radost\u00ed zapomn\u011bli vypl\u00e1znout jazyky.<br \/>\nNa Passo Duran d\u00e1v\u00e1me ob\u011bd a pivo (nejhnusn\u011bj\u0161\u00ed, co jsem kdy pil) a jeliko\u017e sem nejezd\u00ed autobus a m\u00edsto pro stopa\u0159e obsadili n\u011bjac\u00ed skaut\u00edci, vol\u00e1me tax\u00edk, kter\u00fd n\u00e1s odveze do civilizace. Nast\u00e1v\u00e1 \u010d\u00e1st druh\u00e1 &#8211; powrot. Tax\u00edk (pan\u00ed, kter\u00e1 to m\u00e1 z\u0159ejm\u011b jako bojovku) n\u00e1s sv\u00e1\u017e\u00ed do nejbli\u017e\u0161\u00edho m\u011bsta za 32 \u00e9\u010dek. Na l\u00edstku m\u00e1m napsan\u00e9 odjezdy bus\u016f do Cortiny a d\u00e1l do Toblachu, ale n\u00e1zev m\u011bsta mi n\u011bjak nesed\u00ed. Nejbli\u017e\u0161\u00ed bus n\u011bkam nav\u00edc jede a\u017e v p\u011bt hodin, jak n\u00e1m potvrzuje pan\u00ed s dcerou, kter\u00e1 u n\u00e1s zastav\u00ed s autem. Jsem zmaten\u00fd a vyr\u00e1\u017e\u00edme na konec m\u011bsta, kde se rozhodneme stopovat. D\u011bl\u00edme se na dvojice Zdenda\/Ondra a j\u00e1 s Pe\u0165ou. Kluci jdou za zat\u00e1\u010dku a my se pou\u0161t\u00edme do pr\u00e1ce. Asi po p\u016flhodin\u011b k n\u00e1m p\u0159ij\u00ed\u017ed\u00ed op\u011bt ta pan\u00ed s dcerou, \u017ee n\u00e1s tedy hod\u00ed do nejbli\u017e\u0161\u00edho dal\u0161\u00edho m\u011bsta. Sed\u00e1me do auta, pan\u00ed st\u00e1le n\u011bkoho vyhl\u00ed\u017e\u00ed. &#8220; I mama i pappa?&#8220;, pt\u00e1 se, \u017ee by je nalo\u017eila. Zatajujeme Zdendovo pohlav\u00ed a l\u00e1manou ital\u0161tinou (jin\u00fd jazyk nezn\u00e1) ji vysv\u011btlujeme, \u017ee mama i pappa u\u017e jsou v.. pry\u010d. Veze n\u00e1s do m\u011bsta, odkud m\u00e1m psan\u00e9 busy. U\u017e ch\u00e1pu tu chybu &#8211; m\u011b\u0159\u00edtko mapy je tak mal\u00e9, \u017ee m\u011bsto je mimo mapu a my byli st\u00e1le uprost\u0159ed hor. N\u00e1sleduj\u00ed nekone\u010dn\u00e9 serpentiny nahoru do sedla a n\u00e1sledn\u011b nekone\u010dn\u00e9 serpentiny dol\u016f. Pe\u0165a vzadu produkuje studen\u00fd pot a zhluboka d\u00fdch\u00e1. Kone\u010dn\u011b n\u00e1s vysazuje, d\u00e1v\u00e1me 10 euro na benz\u00edm a proto\u017ee m\u00e1me je\u0161t\u011b 45 minut do odjezdu busu, zkou\u0161\u00edme stopa na Cortinu. M\u00e1me \u0161t\u011bst\u00ed a veze n\u00e1s zbo\u017en\u00e1 \u010derno\u0161ka (v r\u00e1diu zn\u00ed italsk\u00fd Proglas). Je\u0161t\u011b zkou\u0161\u00edme stopa z Cortiny, ale ne\u00fasp\u011b\u0161n\u011b a tak jdeme na pl\u00e1novan\u00fd bus. Za 5 euro to sma\u017e\u00edme sami autobusem do Toblachu. N\u00e1sleduj\u00ed vynikaj\u00edc\u00ed \u0161pagety, p\u011b\u0161\u00ed a hodn\u011b nekone\u010dn\u00fd p\u0159esun k autu a \u010deka\u010dka na druhou pos\u00e1dku. Ta chytla Itala ve \u0161kodovce, kter\u00fd jim nutn\u011b musel cestou p\u0159edv\u00e9st v\u0161echny m\u00edstn\u00ed atrakce, obl\u00edben\u00e9 hospody a kozat\u00e9 serv\u00edrky. Tak\u017ee jim cestou uk\u00e1zal nejvy\u0161\u0161\u00ed most nad rokl\u00ed, v hospod\u011b je pohostil pivama a \u0161amp\u00e1n\u011bm a odvezl do vzd\u00e1len\u011bj\u0161\u00edho m\u011bsta, ne\u017e jsme my stopovali. P\u0159esto to zvl\u00e1dli a k autu dorazili jen s hodinov\u00fdm zpo\u017ed\u011bn\u00edm. Vivat Alta Via. Divertirsi Alta Via II.<\/p>\n<p><strong>Doporu\u010den\u00ed:<\/strong><br \/>\nPokud jste trochu tr\u00e9novan\u00ed, doporu\u010duji trasu na stejn\u00fd po\u010det dn\u00ed o n\u011bco prodlou\u017eit. N\u011bkter\u00e9 etapy jsou zbyte\u010dn\u011b kr\u00e1tk\u00e9 a vznikaj\u00ed dost velk\u00e9 prostoje. Na druhou stranu je ot\u00e1zka, co s t\u011blem ud\u011blaj\u00ed ka\u017edodenn\u00ed dlouh\u00e9 etapy ve velk\u00e9 v\u00fd\u0161ce. Jako v\u00fdzvu bych pak vid\u011bl to cel\u00e9 d\u00e1t ve dvou dnech s p\u0159esp\u00e1n\u00edm na Nuovolo. Cht\u011bl jsem sem d\u00e1t i z\u00e1znamy z GPS, ale \u010d\u00e1st se z\u00e1hadn\u011b vymazala, tak snad dodate\u010dn\u011b. Pokud v\u00e1s zaj\u00edm\u00e1 rozpo\u010det, cel\u00e9 n\u00e1s to p\u0159i\u0161lo na 400 Euro (bez dopravy, zato s hodn\u011b n\u00e1pojema).<\/p>\n","protected":false},"excerpt":{"rendered":"<p>Akci vymyslel, vyhledal a napl\u00e1noval Pe\u0165a u\u017e n\u011bkdy v zim\u011b. Z\u00e1ke\u0159n\u011b n\u00e1m rozeslal prezentaci, ve kter\u00fd zcela z\u00e1m\u011brn\u011b a ne\u010destn\u011b pou\u017eil ty nejt\u011b\u017e\u0161\u00ed kalibry typu &#8222;hezk\u00fd po\u010das\u00ed&#8220;, &#8222;pob\u011b\u017e\u00edme po n\u00e1horn\u00edch plo\u0161in\u00e1ch v hor\u00e1ch&#8220;, &#8222;je to v\u00fdzva&#8220;, &#8222;v\u0161ichni to b\u011bhaj&#8220; a tak podobn\u011b. Okam\u017eit\u011b jsem se do toho pl\u00e1nu zamiloval a [&hellip;]<\/p>\n","protected":false},"author":1,"featured_media":0,"comment_status":"open","ping_status":"open","sticky":false,"template":"","format":"standard","meta":[],"categories":[4],"tags":[],"_links":{"self":[{"href":"https:\/\/www.scottacime.cz\/index.php?rest_route=\/wp\/v2\/posts\/231"}],"collection":[{"href":"https:\/\/www.scottacime.cz\/index.php?rest_route=\/wp\/v2\/posts"}],"about":[{"href":"https:\/\/www.scottacime.cz\/index.php?rest_route=\/wp\/v2\/types\/post"}],"author":[{"embeddable":true,"href":"https:\/\/www.scottacime.cz\/index.php?rest_route=\/wp\/v2\/users\/1"}],"replies":[{"embeddable":true,"href":"https:\/\/www.scottacime.cz\/index.php?rest_route=%2Fwp%2Fv2%2Fcomments&post=231"}],"version-history":[{"count":10,"href":"https:\/\/www.scottacime.cz\/index.php?rest_route=\/wp\/v2\/posts\/231\/revisions"}],"predecessor-version":[{"id":290,"href":"https:\/\/www.scottacime.cz\/index.php?rest_route=\/wp\/v2\/posts\/231\/revisions\/290"}],"wp:attachment":[{"href":"https:\/\/www.scottacime.cz\/index.php?rest_route=%2Fwp%2Fv2%2Fmedia&parent=231"}],"wp:term":[{"taxonomy":"category","embeddable":true,"href":"https:\/\/www.scottacime.cz\/index.php?rest_route=%2Fwp%2Fv2%2Fcategories&post=231"},{"taxonomy":"post_tag","embeddable":true,"href":"https:\/\/www.scottacime.cz\/index.php?rest_route=%2Fwp%2Fv2%2Ftags&post=231"}],"curies":[{"name":"wp","href":"https:\/\/api.w.org\/{rel}","templated":true}]}}